{"id":435679,"date":"2021-01-08T22:01:19","date_gmt":"2021-01-08T21:01:19","guid":{"rendered":"https:\/\/www.albinfo.ch\/?p=435679"},"modified":"2021-01-08T22:01:19","modified_gmt":"2021-01-08T21:01:19","slug":"coronavirus-armee-passt-dienstleistungen-und-rs-start-an","status":"publish","type":"post","link":"https:\/\/www.albinfo.at\/de\/coronavirus-armee-passt-dienstleistungen-und-rs-start-an\/","title":{"rendered":"Coronavirus: Armee passt Dienstleistungen und RS-Start an"},"content":{"rendered":"<div class=\"contentHead\"><\/div>\n<div class=\"mod mod-nsbnewsdetails\">\n<p><strong>Die Schweizer Armee legt ihr Schwergewicht in den kommenden Monaten auf die Bew\u00e4ltigung der Pandemie. Entsprechend finden im ersten Quartal 2021 zum einen prim\u00e4r Wiederholungskurse von Formationen statt, die dazu einen Beitrag leisten k\u00f6nnen. Zum anderen beginnt f\u00fcr einen Teil der knapp 12&#8217;000 erwarteten Rekruten die Rekrutenschule am 18. Januar zu Hause im \u00abDistance Learning\u00bb.<\/strong><\/p>\n<p>Die Schweizer Armee legt in den ersten Monaten dieses Jahres das Schwergewicht auf ihre Beitr\u00e4ge zur Bew\u00e4ltigung der Pandemie. F\u00fcr die Wiederholungskurse wurde der Dienstleistungsplan so gestaltet, dass im ersten Quartal 2021 eine der Lage angepasste Bereitschaft f\u00fcr m\u00f6gliche Eins\u00e4tze zu Gunsten der zivilen Beh\u00f6rden aufrechterhalten werden kann. Rund zwei Drittel der urspr\u00fcnglich in dieser Zeit geplanten Wiederholungskurse wurden auf einen sp\u00e4teren Zeitpunkt im Jahr verschoben.<\/p>\n<h2>RS-Start im &#8220;Distance Learning&#8221;<\/h2>\n<p>Dar\u00fcber hinaus stellt die Armee eine erfolgreiche Durchf\u00fchrung der Rekrutenschulen unter Corona-Bedingungen sicher. Damit beim Einr\u00fccken allf\u00e4llig positiv auf Corona getestete Rekruten optimal betreut und entsprechende Isolations- und Quarant\u00e4ne-Massnahmen umgesetzt werden k\u00f6nnen, erfolgt der physische Eintritt in die Rekrutenschule gestaffelt. S\u00e4mtliche Kader r\u00fccken wie geplant am 11. Januar ein. In einer ersten Phase r\u00fccken am 18. Januar 2021 unter anderen die Rekruten der Sanit\u00e4ts- und Spital-Rekrutenschulen ein, damit sie rasch ihre Grundausbildung absolvieren k\u00f6nnen und f\u00fcr allf\u00e4llige Eins\u00e4tze zugunsten der zivilen Beh\u00f6rden zur Verf\u00fcgung stehen.<\/p>\n<p>In einer zweiten Phase r\u00fccken am 8. Februar 2021 die weiteren Rekruten physisch in die Kasernen ein. Bis dahin m\u00fcssen sie sich drei Wochen zuhause selbst\u00e4ndig via \u00abDistance Learning\u00bb theoretische Grundkenntnisse des Milit\u00e4rs und des milit\u00e4rischen Alltags aneignen sowie ein Sporttraining absolvieren. Das Lernprogramm wird den Rekruten von der Armee zur Verf\u00fcgung gestellt. Der Lernerfolg wird nach dem Einr\u00fccken \u00fcberpr\u00fcft. Die Tage im \u00abDistance Learning\u00bb, das rund sechs Stunden Selbststudium und Lernen pro Tag und vier Stunden Sporttraining pro Woche umfasst, werden vollumf\u00e4nglich als Diensttage angerechnet.<\/p>\n<p>Mit dieser L\u00f6sung bleibt einerseits die kurzfristige zus\u00e4tzliche Unterst\u00fctzung des zivilen Gesundheitswesens mit \u00abHelping Hands\u00bb m\u00f6glich, falls eine solche n\u00f6tig sein sollte. Andererseits wird auch die Ausbildung des Nachwuchses und damit die langfristige Bereitschaft der Armee zu Gunsten der Sicherheit der Schweiz gew\u00e4hrleistet.<\/p>\n<h2>Erfahrungen aus 2020 umsetzen<\/h2>\n<p>Die Armee st\u00fctzt sich bei den Massnahmen auf die Erfahrungen aus \u00fcber 300&#8217;000 geleisteten Diensttagen zu Gunsten der zivilen Beh\u00f6rden und zwei erfolgreich unter Corona-Bedingungen durchgef\u00fchrten Rekrutenschulen im 2020. F\u00fcr s\u00e4mtliche Dienstleistungen gelten Schutzkonzepte, die strikt umgesetzt und bei Bedarf der Lage angepasst werden.<\/p>\n<p>Weitere Informationen \u00fcber den Dienstleistungsplan der Armee im ersten Quartal 2021 sowie die Anpassungen in den Rekrutenschulen finden sich im Corona-Dossier der Armee im Internet.<\/p>\n<\/div>\n","protected":false},"excerpt":{"rendered":"<p>Rund zwei Drittel der urspr\u00fcnglich in dieser Zeit geplanten Wiederholungskurse wurden auf einen sp\u00e4teren Zeitpunkt im Jahr verschoben<\/p>\n","protected":false},"author":4,"featured_media":420882,"comment_status":"open","ping_status":"open","sticky":false,"template":"","format":"standard","meta":{"footnotes":""},"categories":[1141,1140],"tags":[],"vendi":[],"content_country":[],"class_list":["post-435679","post","type-post","status-publish","format-standard","has-post-thumbnail","hentry","category-themen","category-leben-in-der-schweiz"],"acf":[],"_links":{"self":[{"href":"https:\/\/www.albinfo.at\/de\/wp-json\/wp\/v2\/posts\/435679","targetHints":{"allow":["GET"]}}],"collection":[{"href":"https:\/\/www.albinfo.at\/de\/wp-json\/wp\/v2\/posts"}],"about":[{"href":"https:\/\/www.albinfo.at\/de\/wp-json\/wp\/v2\/types\/post"}],"author":[{"embeddable":true,"href":"https:\/\/www.albinfo.at\/de\/wp-json\/wp\/v2\/users\/4"}],"replies":[{"embeddable":true,"href":"https:\/\/www.albinfo.at\/de\/wp-json\/wp\/v2\/comments?post=435679"}],"version-history":[{"count":0,"href":"https:\/\/www.albinfo.at\/de\/wp-json\/wp\/v2\/posts\/435679\/revisions"}],"wp:featuredmedia":[{"embeddable":true,"href":"https:\/\/www.albinfo.at\/de\/wp-json\/wp\/v2\/media\/420882"}],"wp:attachment":[{"href":"https:\/\/www.albinfo.at\/de\/wp-json\/wp\/v2\/media?parent=435679"}],"wp:term":[{"taxonomy":"category","embeddable":true,"href":"https:\/\/www.albinfo.at\/de\/wp-json\/wp\/v2\/categories?post=435679"},{"taxonomy":"post_tag","embeddable":true,"href":"https:\/\/www.albinfo.at\/de\/wp-json\/wp\/v2\/tags?post=435679"},{"taxonomy":"vendi","embeddable":true,"href":"https:\/\/www.albinfo.at\/de\/wp-json\/wp\/v2\/vendi?post=435679"},{"taxonomy":"content_country","embeddable":true,"href":"https:\/\/www.albinfo.at\/de\/wp-json\/wp\/v2\/content_country?post=435679"}],"curies":[{"name":"wp","href":"https:\/\/api.w.org\/{rel}","templated":true}]}}