{"id":434089,"date":"2021-01-01T23:45:26","date_gmt":"2021-01-01T22:45:26","guid":{"rendered":"https:\/\/www.albinfo.ch\/?p=434089"},"modified":"2021-01-02T00:20:23","modified_gmt":"2021-01-01T23:20:23","slug":"bundesratsfoto-2021-neue-sicht-auf-altbekanntes","status":"publish","type":"post","link":"https:\/\/www.albinfo.at\/de\/bundesratsfoto-2021-neue-sicht-auf-altbekanntes\/","title":{"rendered":"Bundesratsfoto 2021: Neue Sicht auf Altbekanntes"},"content":{"rendered":"<div class=\"contentHead\"><\/div>\n<div class=\"mod mod-nsbnewsdetails\">\n<p>Das Bundesratsfoto 2021 zeigt die sieben Bundesratsmitglieder und den Bundeskanzler als Einheit. Im Hintergrund ist das Parlamentsgeb\u00e4ude aus der Vogelperspektive zu sehen. Markus A. Jegerlehner hat das Drohnenbild mit einer Sonderbewilligung w\u00e4hrend des Lockdowns im Mai 2020 aufgenommen.<br \/>\nMit der ungewohnten Perspektive will der Fotograf eine neue Sicht auf Altbekanntes erm\u00f6glichen. Bundespr\u00e4sident Guy Parmelin erg\u00e4nzt: \u00abEs ist mir wichtig, dass wir in diesen schwierigen Zeiten gemeinsam und unvoreingenommen scheinbar Unverr\u00fcckbares neu betrachten. Damit leisten wir einen konkreten Beitrag zum Zusammenhalt unseres Landes.\u00bb<\/p>\n<p>Der Fotograf Markus A. Jegerlehner hat urspr\u00fcnglich ein Praktikum als Landwirt auf dem Hof der Familie Parmelin absolviert. Sp\u00e4ter wechselte er als Flight Attendant und Ma\u00eetre de Cabine zur Swissair\/Swiss International Air Lines. Gleichzeitig bildete er sich zum Fotografen aus. Einen Namen machte er sich mit dem Foto eines Swissair-Piloten am Strand in Rio de Janeiro w\u00e4hrend des Groundings. F\u00fcr dieses Bild wurde er 2002 mit dem Swiss Press Photo Award, Kategorie Aktualit\u00e4t, ausgezeichnet.<\/p>\n<p>Das offizielle Bundesratsfoto wurde in einer Auflage von 50\u2018000 Exemplaren gedruckt. Es kann heruntergeladen und bestellt werden unter\u00a0www.admin.ch. Dort zeigt ein kurzer Film, wie das Bundesratsfoto aufgenommen wurde.<\/p>\n<\/div>\n","protected":false},"excerpt":{"rendered":"<p>Die Bundeskanzlei hat das offizielle Bundesratsfoto 2021 publiziert. Sujet und Fotograf wurden von Bundespr\u00e4sident Guy Parmelin ausgew\u00e4hlt. Markus A. Jegerlehner hat die Fotos aufgenommen und zum Bild montiert<\/p>\n","protected":false},"author":4,"featured_media":433772,"comment_status":"open","ping_status":"open","sticky":false,"template":"","format":"standard","meta":{"footnotes":""},"categories":[22520,24006,24631,1140],"tags":[],"vendi":[],"content_country":[],"class_list":["post-434089","post","type-post","status-publish","format-standard","has-post-thumbnail","hentry","category-coronavirus-minute-fuer-minute","category-lajme-jeta-ne-zvicer-de","category-nachrichten-de-2","category-leben-in-der-schweiz"],"acf":[],"_links":{"self":[{"href":"https:\/\/www.albinfo.at\/de\/wp-json\/wp\/v2\/posts\/434089","targetHints":{"allow":["GET"]}}],"collection":[{"href":"https:\/\/www.albinfo.at\/de\/wp-json\/wp\/v2\/posts"}],"about":[{"href":"https:\/\/www.albinfo.at\/de\/wp-json\/wp\/v2\/types\/post"}],"author":[{"embeddable":true,"href":"https:\/\/www.albinfo.at\/de\/wp-json\/wp\/v2\/users\/4"}],"replies":[{"embeddable":true,"href":"https:\/\/www.albinfo.at\/de\/wp-json\/wp\/v2\/comments?post=434089"}],"version-history":[{"count":0,"href":"https:\/\/www.albinfo.at\/de\/wp-json\/wp\/v2\/posts\/434089\/revisions"}],"wp:featuredmedia":[{"embeddable":true,"href":"https:\/\/www.albinfo.at\/de\/wp-json\/wp\/v2\/media\/433772"}],"wp:attachment":[{"href":"https:\/\/www.albinfo.at\/de\/wp-json\/wp\/v2\/media?parent=434089"}],"wp:term":[{"taxonomy":"category","embeddable":true,"href":"https:\/\/www.albinfo.at\/de\/wp-json\/wp\/v2\/categories?post=434089"},{"taxonomy":"post_tag","embeddable":true,"href":"https:\/\/www.albinfo.at\/de\/wp-json\/wp\/v2\/tags?post=434089"},{"taxonomy":"vendi","embeddable":true,"href":"https:\/\/www.albinfo.at\/de\/wp-json\/wp\/v2\/vendi?post=434089"},{"taxonomy":"content_country","embeddable":true,"href":"https:\/\/www.albinfo.at\/de\/wp-json\/wp\/v2\/content_country?post=434089"}],"curies":[{"name":"wp","href":"https:\/\/api.w.org\/{rel}","templated":true}]}}