{"id":432333,"date":"2020-12-25T17:02:14","date_gmt":"2020-12-25T16:02:14","guid":{"rendered":"https:\/\/www.albinfo.ch\/?p=432333"},"modified":"2020-12-25T17:02:14","modified_gmt":"2020-12-25T16:02:14","slug":"covid-19-neue-variante-des-coronavirus-in-zwei-proben-in-der-schweiz-entdeckt","status":"publish","type":"post","link":"https:\/\/www.albinfo.at\/de\/covid-19-neue-variante-des-coronavirus-in-zwei-proben-in-der-schweiz-entdeckt\/","title":{"rendered":"Covid-19: Neue Variante des Coronavirus in zwei Proben in der Schweiz entdeckt"},"content":{"rendered":"<div class=\"contentHead\"><\/div>\n<div class=\"mod mod-nsbnewsdetails\">\n<p><strong>In Grossbritannien und S\u00fcdafrika wurde in den vergangenen Tagen unabh\u00e4ngig voneinander je eine neue Variante des Coronavirus entdeckt. Es gibt Hinweise darauf, dass diese Varianten deutlich ansteckender sind und das Virus sich dadurch wesentlich schneller ausbreitet, als dies bei der bisherigen Variante des Coronavirus der Fall war. In der Schweiz wurden nun zum ersten Mal in zwei Proben die neue Variante aus Grossbritannien nachgewiesen.<\/strong><\/p>\n<p>Nach Bekanntwerden der neuen Variante in Grossbritannien hat die Schweiz sehr schnell Massnahmen ergriffen, um allf\u00e4llige Mutationen des Virus zu finden. So werden verschiedene Proben von positiv auf das Coronavirus getesteten Personen aktuell durch Sequenzierung auf eine allf\u00e4llige Mutation des Virus untersucht. Dadurch soll festgestellt werden, ob eine positiv getestete Person Tr\u00e4gerin der neuen Variante des Coronavirus ist, die in Grossbritannien zum ersten Mal auftrat.<\/p>\n<p>In zwei Proben von positiv getesteten Personen konnte die betreffende Mutation nachgewiesen werden. Diese Personen haben einen Wohnsitz in Grossbritannien und wurden in der Schweiz positiv auf das Coronavirus getestet. Die Proben wurden im Nationalen Referenzzentrum f\u00fcr neuauftretende Viruskrankheiten in Genf sequenziert. Die Personen sind dem BAG namentlich bekannt. Die Kantone, aus denen diese Proben stammen, wurden durch das BAG darauf aufmerksam gemacht, dass diese ansteckendere Variante allenfalls bei ihnen zirkulieren k\u00f6nnte.<\/p>\n<p>Das BAG geht davon aus, dass sich die positiv getesteten Personen in Isolation befinden. Ein Kanton hat dies f\u00fcr eine der beiden Personen bereits best\u00e4tigt. Deren Kontaktpersonen befinden sich in Quarant\u00e4ne. Ein zweiter Kanton ist aktuell daran, die betroffene Person zu kontaktieren.<\/p>\n<p>Das Bundesamt f\u00fcr Gesundheit (BAG) hat am 23. Dezember 2020 Britinnen und Briten und auch G\u00e4ste aus S\u00fcdafrika in der Schweiz mit einer SMS-Nachricht \u00fcber die f\u00fcr sie geltenden Corona-Regeln informiert. In der Nachricht wird die angeschriebene Person dar\u00fcber informiert, dass sich alle Reisenden aus Grossbritannien oder S\u00fcdafrika, die am oder nach dem 14. Dezember 2020 in die Schweiz gekommen seien, ab dem Ankunftsdatum f\u00fcr zehn Tage in Quarant\u00e4ne begeben m\u00fcssen.<\/p>\n<\/div>\n","protected":false},"excerpt":{"rendered":"<p>In zwei Proben von positiv getesteten Personen konnte die betreffende Mutation nachgewiesen werden. Diese Personen haben einen Wohnsitz in Grossbritannien und wurden in der Schweiz positiv auf das Coronavirus getestet<\/p>\n","protected":false},"author":4,"featured_media":426262,"comment_status":"open","ping_status":"open","sticky":false,"template":"","format":"standard","meta":{"footnotes":""},"categories":[22520,24006,24631,1140],"tags":[1633],"vendi":[],"content_country":[31836,31837],"class_list":["post-432333","post","type-post","status-publish","format-standard","has-post-thumbnail","hentry","category-coronavirus-minute-fuer-minute","category-lajme-jeta-ne-zvicer-de","category-nachrichten-de-2","category-leben-in-der-schweiz","tag-zvicer-de","content_country-austria-de","content_country-germany-de"],"acf":[],"_links":{"self":[{"href":"https:\/\/www.albinfo.at\/de\/wp-json\/wp\/v2\/posts\/432333","targetHints":{"allow":["GET"]}}],"collection":[{"href":"https:\/\/www.albinfo.at\/de\/wp-json\/wp\/v2\/posts"}],"about":[{"href":"https:\/\/www.albinfo.at\/de\/wp-json\/wp\/v2\/types\/post"}],"author":[{"embeddable":true,"href":"https:\/\/www.albinfo.at\/de\/wp-json\/wp\/v2\/users\/4"}],"replies":[{"embeddable":true,"href":"https:\/\/www.albinfo.at\/de\/wp-json\/wp\/v2\/comments?post=432333"}],"version-history":[{"count":0,"href":"https:\/\/www.albinfo.at\/de\/wp-json\/wp\/v2\/posts\/432333\/revisions"}],"wp:featuredmedia":[{"embeddable":true,"href":"https:\/\/www.albinfo.at\/de\/wp-json\/wp\/v2\/media\/426262"}],"wp:attachment":[{"href":"https:\/\/www.albinfo.at\/de\/wp-json\/wp\/v2\/media?parent=432333"}],"wp:term":[{"taxonomy":"category","embeddable":true,"href":"https:\/\/www.albinfo.at\/de\/wp-json\/wp\/v2\/categories?post=432333"},{"taxonomy":"post_tag","embeddable":true,"href":"https:\/\/www.albinfo.at\/de\/wp-json\/wp\/v2\/tags?post=432333"},{"taxonomy":"vendi","embeddable":true,"href":"https:\/\/www.albinfo.at\/de\/wp-json\/wp\/v2\/vendi?post=432333"},{"taxonomy":"content_country","embeddable":true,"href":"https:\/\/www.albinfo.at\/de\/wp-json\/wp\/v2\/content_country?post=432333"}],"curies":[{"name":"wp","href":"https:\/\/api.w.org\/{rel}","templated":true}]}}