{"id":428628,"date":"2020-12-10T12:59:49","date_gmt":"2020-12-10T11:59:49","guid":{"rendered":"https:\/\/www.albinfo.ch\/?p=428628"},"modified":"2021-04-29T17:20:47","modified_gmt":"2021-04-29T15:20:47","slug":"aktionstag-darueber-reden-hilfe-finden","status":"publish","type":"post","link":"https:\/\/www.albinfo.at\/de\/aktionstag-darueber-reden-hilfe-finden\/","title":{"rendered":"Aktionstag \u00abDar\u00fcber reden. Hilfe finden.\u00bb"},"content":{"rendered":"<div class=\"contentHead\">\n<div class=\"mod mod-contentpage\">\n<p>Das Coronavirus ist nicht nur eine Gefahr f\u00fcr unsere k\u00f6rperliche Verfassung. Es dr\u00fcckt bei vielen Menschen auch aufs<br \/>\nGem\u00fct.<\/p>\n<\/div>\n<\/div>\n<article class=\"clearfix\">Geht es Ihnen nicht gut oder sorgen Sie sich um jemanden? Suchen Sie das Gespr\u00e4ch. Das folgende PDF informiert, wo Sie Hilfe finden.<a href=\"https:\/\/www.albinfo.ch\/wp-content\/uploads\/2020\/12\/bag-aktionstag.png\"><img loading=\"lazy\" decoding=\"async\" class=\"alignnone wp-image-428622\" src=\"https:\/\/www.albinfo.ch\/wp-content\/uploads\/2020\/12\/bag-aktionstag.png\" alt=\"\" width=\"400\" height=\"558\" \/><\/a><\/article>\n<p><a class=\"icon icon--before icon--pdf\" title=\"Hilfsangebote zur psychischen Gesundheit\" href=\"https:\/\/www.bag.admin.ch\/dam\/bag\/de\/dokumente\/cc\/kom\/aktionstag-hilfangebote-psyges.pdf.download.pdf\/psyges_hilfestellung_plakat_de.pdf\">Hilfsangebote zur psychischen Gesundheit<span class=\"text-dimmed\"> (PDF, 931 kB, 09.12.2020)<\/span><\/a><\/p>\n<article class=\"clearfix\">\n<h2>Worum geht es beim Aktionstag \u00abDar\u00fcber reden. Hilfe finden.\u00bb?<\/h2>\n<p>Viele Menschen in der Schweiz leiden seelisch unter den Auswirkungen der Coronavirus-Krise. \u00abDar\u00fcber reden. Hilfe finden.\u00bb heisst der Aktionstag, an dem verschiedene Akteure die psychische Gesundheit thematisieren. Personen in schwierigen Situationen erfahren so Solidarit\u00e4t und k\u00f6nnen sich \u00fcber konkrete Hilfsangebote informieren. Der Tag sensibilisiert auch daf\u00fcr, im eigenen Umfeld aufmerksam zu sein und Hilfe zu leisten.<\/p>\n<p>\u00abDar\u00fcber reden. Hilfe finden.\u00bb organisieren wir im Auftrag des Bundesrats. Es handelt sich um eine gemeinsame Aktion des BAGs mit den Hilfsorganisationen Dargebotene Hand, Pro Juventute, Pro Senectute, Pro Mente Sana, Caritas und Schweizerisches Rotes Kreuz sowie vielen weiteren Akteuren.<\/p>\n<\/article>\n<div class=\"mod mod-text\">\n<article class=\"clearfix\">Psychische Gesundheit enttabuisierenAm 10. Dezember kommen psychisch belastete Personen, Angeh\u00f6rige und Fachpersonen zu Wort. Sie k\u00f6nnen von ihren Erfahrungen und ihrem Umgang mit der speziellen Situation in Zeiten des Coronavirus berichten. Spezialisierte Organisationen zeigen, mit welchen Angeboten sie Betroffene unterst\u00fctzen und welche Anlaufstellen einfach zug\u00e4ngliche Hilfe anbieten.<\/article>\n<\/div>\n","protected":false},"excerpt":{"rendered":"<p>Heute findet in der ganzen Schweiz der Aktionstag \u00abDar\u00fcber reden. Hilfe finden.\u00bb statt. Er soll in Zeiten des Coronavirus zur St\u00e4rkung der psychischen Gesundheit beitragen.<\/p>\n","protected":false},"author":4,"featured_media":350503,"comment_status":"open","ping_status":"open","sticky":false,"template":"","format":"standard","meta":{"footnotes":""},"categories":[22804,23121,24631],"tags":[1394],"vendi":[],"content_country":[31836,31837],"class_list":["post-428628","post","type-post","status-publish","format-standard","has-post-thumbnail","hentry","category-leben-in-deutschland","category-nachrichten-de","category-nachrichten-de-2","tag-gjermani-de","content_country-austria-de","content_country-germany-de"],"acf":[],"_links":{"self":[{"href":"https:\/\/www.albinfo.at\/de\/wp-json\/wp\/v2\/posts\/428628","targetHints":{"allow":["GET"]}}],"collection":[{"href":"https:\/\/www.albinfo.at\/de\/wp-json\/wp\/v2\/posts"}],"about":[{"href":"https:\/\/www.albinfo.at\/de\/wp-json\/wp\/v2\/types\/post"}],"author":[{"embeddable":true,"href":"https:\/\/www.albinfo.at\/de\/wp-json\/wp\/v2\/users\/4"}],"replies":[{"embeddable":true,"href":"https:\/\/www.albinfo.at\/de\/wp-json\/wp\/v2\/comments?post=428628"}],"version-history":[{"count":0,"href":"https:\/\/www.albinfo.at\/de\/wp-json\/wp\/v2\/posts\/428628\/revisions"}],"wp:featuredmedia":[{"embeddable":true,"href":"https:\/\/www.albinfo.at\/de\/wp-json\/wp\/v2\/media\/350503"}],"wp:attachment":[{"href":"https:\/\/www.albinfo.at\/de\/wp-json\/wp\/v2\/media?parent=428628"}],"wp:term":[{"taxonomy":"category","embeddable":true,"href":"https:\/\/www.albinfo.at\/de\/wp-json\/wp\/v2\/categories?post=428628"},{"taxonomy":"post_tag","embeddable":true,"href":"https:\/\/www.albinfo.at\/de\/wp-json\/wp\/v2\/tags?post=428628"},{"taxonomy":"vendi","embeddable":true,"href":"https:\/\/www.albinfo.at\/de\/wp-json\/wp\/v2\/vendi?post=428628"},{"taxonomy":"content_country","embeddable":true,"href":"https:\/\/www.albinfo.at\/de\/wp-json\/wp\/v2\/content_country?post=428628"}],"curies":[{"name":"wp","href":"https:\/\/api.w.org\/{rel}","templated":true}]}}