{"id":418148,"date":"2020-10-29T13:52:08","date_gmt":"2020-10-29T12:52:08","guid":{"rendered":"https:\/\/www.albinfo.ch\/?p=418148"},"modified":"2020-10-29T13:52:08","modified_gmt":"2020-10-29T12:52:08","slug":"zweite-hochrechnung-2020-bestaetigt-hohes-defizit-im-bundeshaushalt","status":"publish","type":"post","link":"https:\/\/www.albinfo.at\/de\/zweite-hochrechnung-2020-bestaetigt-hohes-defizit-im-bundeshaushalt\/","title":{"rendered":"Zweite Hochrechnung 2020 best\u00e4tigt hohes Defizit im Bundeshaushalt"},"content":{"rendered":"<div class=\"contentHead\"><\/div>\n<div class=\"mod mod-nsbnewsdetails\">\n<p><strong>F\u00fcr das laufende Jahr rechnet der Bund mit einem Defizit von 20 Milliarden Franken. Davon sind 18,1 Milliarden auf die ausserordentlichen Ausgaben zur Abfederung der Corona-Pandemie zur\u00fcckzuf\u00fchren. Budgetiert war ein \u00dcberschuss von 0,3 Milliarden. Die Unsicherheit ist aber noch immer gross, der Anstieg der Corona-Fallzahlen kann bis Ende Jahr noch gr\u00f6ssere Auswirkungen auf den Bundeshaushalt haben.<\/strong><\/p>\n<p>Der Bundesrat wurde an seiner Sitzung vom 28.\u00a0Oktober 2020 \u00fcber die aktuelle Hochrechnung informiert. Auf Basis der Zahlen bis Ende September rechnet der Bund f\u00fcr 2020 im\u00a0<i>ordentlichen Haushalt<\/i>\u00a0mit einem Finanzierungsdefizit von 1,9\u00a0Milliarden Franken. Im\u00a0<i>ausserordentlichen Haushalt\u00a0<\/i>fallen die umfangreichen Massnahmen des Bundes zur Bew\u00e4ltigung der Corona-Pandemie an. Diese belaufen sich gem\u00e4ss den Sch\u00e4tzungen auf 18,1\u00a0Milliarden Franken. Die in den Nachtr\u00e4gen vorgesehenen ausserordentlichen Ausgaben (30,9\u00a0Mrd. inkl. Kompensationen) werden damit aus heutiger Sicht nicht ausgesch\u00f6pft. Insgesamt d\u00fcrfte ein Finanzierungsdefizit von 20\u00a0Milliarden Franken resultieren.<b><\/b><\/p>\n<p>Aufgrund des aktuellen starken Anstiegs der Corona-Fallzahlen sind die Sch\u00e4tzungen, die auf Zahlen von Ende September beruhen, mit grosser Unsicherheit behaftet.<\/p>\n<\/div>\n","protected":false},"excerpt":{"rendered":"<p>Auf Basis der Zahlen bis Ende September rechnet der Bund f\u00fcr 2020 im\u00a0ordentlichen Haushalt\u00a0mit einem Finanzierungsdefizit von 1,9\u00a0Milliarden Franken<\/p>\n","protected":false},"author":4,"featured_media":368457,"comment_status":"open","ping_status":"open","sticky":false,"template":"","format":"standard","meta":{"footnotes":""},"categories":[22520,24006,24631,1140],"tags":[1633],"vendi":[],"content_country":[31836,31837],"class_list":["post-418148","post","type-post","status-publish","format-standard","has-post-thumbnail","hentry","category-coronavirus-minute-fuer-minute","category-lajme-jeta-ne-zvicer-de","category-nachrichten-de-2","category-leben-in-der-schweiz","tag-zvicer-de","content_country-austria-de","content_country-germany-de"],"acf":[],"_links":{"self":[{"href":"https:\/\/www.albinfo.at\/de\/wp-json\/wp\/v2\/posts\/418148","targetHints":{"allow":["GET"]}}],"collection":[{"href":"https:\/\/www.albinfo.at\/de\/wp-json\/wp\/v2\/posts"}],"about":[{"href":"https:\/\/www.albinfo.at\/de\/wp-json\/wp\/v2\/types\/post"}],"author":[{"embeddable":true,"href":"https:\/\/www.albinfo.at\/de\/wp-json\/wp\/v2\/users\/4"}],"replies":[{"embeddable":true,"href":"https:\/\/www.albinfo.at\/de\/wp-json\/wp\/v2\/comments?post=418148"}],"version-history":[{"count":0,"href":"https:\/\/www.albinfo.at\/de\/wp-json\/wp\/v2\/posts\/418148\/revisions"}],"wp:featuredmedia":[{"embeddable":true,"href":"https:\/\/www.albinfo.at\/de\/wp-json\/wp\/v2\/media\/368457"}],"wp:attachment":[{"href":"https:\/\/www.albinfo.at\/de\/wp-json\/wp\/v2\/media?parent=418148"}],"wp:term":[{"taxonomy":"category","embeddable":true,"href":"https:\/\/www.albinfo.at\/de\/wp-json\/wp\/v2\/categories?post=418148"},{"taxonomy":"post_tag","embeddable":true,"href":"https:\/\/www.albinfo.at\/de\/wp-json\/wp\/v2\/tags?post=418148"},{"taxonomy":"vendi","embeddable":true,"href":"https:\/\/www.albinfo.at\/de\/wp-json\/wp\/v2\/vendi?post=418148"},{"taxonomy":"content_country","embeddable":true,"href":"https:\/\/www.albinfo.at\/de\/wp-json\/wp\/v2\/content_country?post=418148"}],"curies":[{"name":"wp","href":"https:\/\/api.w.org\/{rel}","templated":true}]}}