{"id":416068,"date":"2020-10-19T22:53:45","date_gmt":"2020-10-19T20:53:45","guid":{"rendered":"https:\/\/www.albinfo.ch\/?p=416068"},"modified":"2020-10-19T23:08:21","modified_gmt":"2020-10-19T21:08:21","slug":"bund-verstaerkt-massnahmen","status":"publish","type":"post","link":"https:\/\/www.albinfo.at\/de\/bund-verstaerkt-massnahmen\/","title":{"rendered":"Bund verst\u00e4rkt Massnahmen"},"content":{"rendered":"<p>Der Bundesrat hat an einer ausserordentlichen Sitzung am 18. Oktober 2020 mehrere, schweizweit g\u00fcltige Massnahmen gegen den starken Anstieg der Infektionen mit dem Coronavirus ergriffen. Ab Montag, 19. Oktober, sind im \u00f6ffentlichen Raum spontane Menschenansammlungen von mehr als 15 Personen verboten. In \u00f6ffentlich zug\u00e4nglichen Innenr\u00e4umen muss eine Maske getragen werden. Eine Maskenpflicht gilt zudem in allen Bahnh\u00f6fen, Flugh\u00e4fen und an Bus- und Tramhaltestellen. Er hat zudem Regeln f\u00fcr private Veranstaltungen mit mehr als 15 Personen aufgestellt. Ausserdem darf in Restaurants, Bars und Clubs nur im Sitzen konsumiert werden. Nach Konsultation der Kantone hat der Bundesrat die \u00abCovid-19-Verordnung besondere Lage\u00bb entsprechend angepasst. Darin ist neu auch die Empfehlung zum Homeoffice verankert.<\/p>\n<p>Der starke Anstieg der Fallzahlen in den letzten Tagen ist besorgniserregend. Er zeigt sich in allen Altersklassen und in allen Kantonen. Auch die Zahl der Hospitalisierungen nimmt zu. Ziel der neuen schweizweiten Massnahmen von Bund und Kantonen ist, die Gesundheit der Bev\u00f6lkerung besser zu sch\u00fctzen und eine \u00dcberlastung des Gesundheitswesens in den n\u00e4chsten Wochen und Monaten zu verhindern. Ziel ist auch, den Anstieg der Fallzahlen so stark zu bremsen, dass die Kantone das Contact Tracing weiterhin konsequent und umfassend sicherstellen k\u00f6nnen. Trotz der Einschr\u00e4nkungen soll das wirtschaftliche und gesellschaftliche Leben weitergef\u00fchrt werden k\u00f6nnen.<\/p>\n<p><strong>Schweizweit einheitliche Maskenpflicht<\/strong><\/p>\n<p>Wer im \u00f6ffentlichen Verkehr unterwegs und \u00e4lter als 12 Jahre ist, muss seit dem 6. Juli 2020 eine Gesichtsmaske tragen. Diese Pflicht wird ab Montag, 19. Oktober neu auf Personen ausgedehnt, die sich auf Perrons oder in Bahnh\u00f6fen, Flugh\u00e4fen oder anderen Zugangsorten des \u00f6ffentlichen Verkehrs aufhalten. Wie bis anhin sind Personen, die etwa aus medizinischen Gr\u00fcnden keine Maske tragen k\u00f6nnen, von der Maskentragpflicht ausgenommen.<\/p>\n<p>Zus\u00e4tzlich gilt neu auch in \u00f6ffentlich zug\u00e4nglichen Innenr\u00e4umen eine Maskentragpflicht, zum Beispiel in Gesch\u00e4ften, Einkaufszentren, Banken, Poststellen, Museen, Bibliotheken, Kinos, Theatern, Konzertlokalen, Innenr\u00e4umen von zoologischen und botanischen G\u00e4rten und Tierparks, Restaurants, Bars, Discos, Spielsalons, Hotels (mit Ausnahme der G\u00e4stezimmer), Eingangs- und Garderobenr\u00e4ume von Schwimmb\u00e4dern, Sportanlagen und Fitnesszentren, in Arztpraxen, Spit\u00e4lern, Kirchen und religi\u00f6sen Einrichtungen, Beratungsstellen und Quartierr\u00e4umen. Ebenso gilt eine Maskentragpflicht in jenen Teilen der \u00f6ffentlichen Verwaltung, die dem Publikum zug\u00e4nglich sind.<\/p>\n<p>Die Pflicht zum Tragen einer Gesichtsmaske gilt in obligatorischen Schulen, Schulen der Sekundarstufe II und der Terti\u00e4rstufe, in Institutionen der familienerg\u00e4nzenden Kinderbetreuung sowie in den Trainingsbereichen von Sport- und Fitnesseinrichtungen nur dann, wenn sie im betreffenden Schutzkonzept vorgesehen ist.<\/p>\n<p><strong>Vorgaben f\u00fcr private Veranstaltungen<\/strong><\/p>\n<p>Viele Personen stecken sich an Veranstaltungen im Familien- und Freundeskreis mit dem Coronavirus an. Diese Veranstaltungen sollen wenn m\u00f6glich vermieden werden. An privaten Veranstaltungen mit \u00fcber 15 Personen darf k\u00fcnftig nur sitzend konsumiert werden. Wer nicht an seinem Platz sitzt, muss eine Maske tragen. Ausserdem m\u00fcssen die allgemeinen Hygieneregeln eingehalten und die Kontaktdaten erhoben werden. Private Veranstaltungen mit \u00fcber 100 Personen m\u00fcssen analog den \u00f6ffentlichen Veranstaltungen \u00fcber ein Schutzkonzept verf\u00fcgen, sie d\u00fcrfen zudem nur in \u00f6ffentlich zug\u00e4nglichen Einrichtungen durchgef\u00fchrt werden.<\/p>\n<p><strong>Keine Versammlungen von mehr als 15 Personen im \u00f6ffentlichen Raum<\/strong><\/p>\n<p>Im \u00f6ffentlichen Raum sind spontane Menschenansammlungen von mehr als 15 Personen verboten, namentlich auf \u00f6ffentlichen Pl\u00e4tzen, auf Spazierwegen und in Parkanlagen. Damit soll insbesondere verhindert werden, dass private Anl\u00e4sse in den \u00f6ffentlichen Raum verlagert werden. Organisierte Veranstaltungen im \u00f6ffentlichen Raum sind mit den entsprechenden Schutzmassnahmen weiterhin erlaubt, etwa politische und zivilgesellschaftliche Kundgebungen.<\/p>\n<p><strong>Konsumation in Restaurationsbetrieben nur sitzend<\/strong><\/p>\n<p>Das Konsumieren von Speisen und Getr\u00e4nken in Restaurants und Ausgehlokalen wie Bars oder Clubs ist nur noch sitzend erlaubt, unabh\u00e4ngig davon, ob in Innenr\u00e4umen oder im Freien.<\/p>\n<p><strong>Homeoffice-Empfehlungen<\/strong><\/p>\n<p>Der Bundesrat hat zudem die \u00abCovid-19-Verordnung besondere Lage\u00bb mit einem Absatz zum Homeoffice erg\u00e4nzt. Arbeitgebende sind verpflichtet, die Homeoffice-Empfehlungen des Bundesamts f\u00fcr Gesundheit zu beachten. Mit dem Arbeiten zu Hause k\u00f6nnen gr\u00f6ssere Menschenansammlungen vor allem zu Stosszeiten vermieden und enge Kontakte am Arbeitsplatz reduziert werden. Zudem wird das Risiko vermindert, dass bei einem Covid-19-Fall ganze Arbeitsteams in Quarant\u00e4ne m\u00fcssen.<\/p>\n<p>Die Federf\u00fchrung der Bew\u00e4ltigung der Covid-19-Epidemie in der Schweiz liegt seit dem 19.\u00a0Juni 2020 bei den Kantonen. Der Bund erwartet von den Kantonen, weiterhin breit zu testen, ein l\u00fcckenloses Contact Tracing sicherzustellen und mit gezielten Massnahmen zur Bek\u00e4mpfung der Epidemie beizutragen.<\/p>\n<p><a href=\"https:\/\/www.albinfo.ch\/wp-content\/uploads\/2020\/10\/bag_1.png\"><img loading=\"lazy\" decoding=\"async\" class=\"alignnone wp-image-416074\" src=\"https:\/\/www.albinfo.ch\/wp-content\/uploads\/2020\/10\/bag_1.png\" alt=\"\" width=\"646\" height=\"650\" \/><\/a><\/p>\n<p>Diese Hygiene- und Verhaltensregeln\u00a0 gelten weiterhin:<\/p>\n<p><a href=\"https:\/\/www.bag.admin.ch\/bag\/de\/home\/krankheiten\/ausbrueche-epidemien-pandemien\/aktuelle-ausbrueche-epidemien\/novel-cov\/faq-kontakte-downloads\/downloads-in-verschiedenen-sprachen.html#257286268\">Informationen in den Sprachen der Migrantinnen und Migranten der Schweiz<\/a><\/p>\n<p><a href=\"https:\/\/www.bag.admin.ch\/bag\/de\/home\/das-bag\/aktuell\/medienmitteilungen.msg-id-80771.html\">bag.admin.ch<\/a><\/p>\n<p><strong>\u00a0<\/strong><\/p>\n","protected":false},"excerpt":{"rendered":"<p>Einschr\u00e4nkungen f\u00fcr private Veranstaltungen, keine \u00f6ffentlichen Versammlungen von mehr als 15 Personen, ausgeweitete Maskenpflicht und Homeoffice<\/p>\n","protected":false},"author":6,"featured_media":415619,"comment_status":"open","ping_status":"open","sticky":false,"template":"","format":"standard","meta":{"footnotes":""},"categories":[22520,24006,24631,1140,1412,2015],"tags":[],"vendi":[],"content_country":[],"class_list":["post-416068","post","type-post","status-publish","format-standard","has-post-thumbnail","hentry","category-coronavirus-minute-fuer-minute","category-lajme-jeta-ne-zvicer-de","category-nachrichten-de-2","category-leben-in-der-schweiz","category-newsletter-de","category-newsletter-media-de"],"acf":[],"_links":{"self":[{"href":"https:\/\/www.albinfo.at\/de\/wp-json\/wp\/v2\/posts\/416068","targetHints":{"allow":["GET"]}}],"collection":[{"href":"https:\/\/www.albinfo.at\/de\/wp-json\/wp\/v2\/posts"}],"about":[{"href":"https:\/\/www.albinfo.at\/de\/wp-json\/wp\/v2\/types\/post"}],"author":[{"embeddable":true,"href":"https:\/\/www.albinfo.at\/de\/wp-json\/wp\/v2\/users\/6"}],"replies":[{"embeddable":true,"href":"https:\/\/www.albinfo.at\/de\/wp-json\/wp\/v2\/comments?post=416068"}],"version-history":[{"count":0,"href":"https:\/\/www.albinfo.at\/de\/wp-json\/wp\/v2\/posts\/416068\/revisions"}],"wp:featuredmedia":[{"embeddable":true,"href":"https:\/\/www.albinfo.at\/de\/wp-json\/wp\/v2\/media\/415619"}],"wp:attachment":[{"href":"https:\/\/www.albinfo.at\/de\/wp-json\/wp\/v2\/media?parent=416068"}],"wp:term":[{"taxonomy":"category","embeddable":true,"href":"https:\/\/www.albinfo.at\/de\/wp-json\/wp\/v2\/categories?post=416068"},{"taxonomy":"post_tag","embeddable":true,"href":"https:\/\/www.albinfo.at\/de\/wp-json\/wp\/v2\/tags?post=416068"},{"taxonomy":"vendi","embeddable":true,"href":"https:\/\/www.albinfo.at\/de\/wp-json\/wp\/v2\/vendi?post=416068"},{"taxonomy":"content_country","embeddable":true,"href":"https:\/\/www.albinfo.at\/de\/wp-json\/wp\/v2\/content_country?post=416068"}],"curies":[{"name":"wp","href":"https:\/\/api.w.org\/{rel}","templated":true}]}}