{"id":396861,"date":"2020-07-29T17:13:53","date_gmt":"2020-07-29T15:13:53","guid":{"rendered":"https:\/\/www.albinfo.ch\/?p=396861"},"modified":"2020-07-30T00:11:56","modified_gmt":"2020-07-29T22:11:56","slug":"bund-gibt-hitzewarnung-aus","status":"publish","type":"post","link":"https:\/\/www.albinfo.at\/de\/bund-gibt-hitzewarnung-aus\/","title":{"rendered":"Bund gibt Hitzewarnung aus"},"content":{"rendered":"<p>Bis am Samstagabend wird in den Niederungen der Alpens\u00fcdseite, im zentralen Wallis und in der Region Genf eine Hitzewelle erwartet \u2013 mit H\u00f6chsttemperaturen von bis zu 38\u00b0 Celsius w\u00e4hrend der intensivsten Phase am Freitag und Samstag. Auch in der Deutschschweiz wird es sehr heiss. F\u00fcr gewisse Bev\u00f6lkerungsgruppen k\u00f6nnen die hohen Temperaturen ein Gesundheitsrisiko darstellen<strong>.<\/strong><\/p>\n<h2>Aktuelle Wettersituation<\/h2>\n<p>Auf der Westflanke eines Hochdruckgebiets \u00fcber dem Mittelmeer fliesst mit s\u00fcdwestlichen Winden sehr warme Luft subtropischen Ursprungs zur Alpens\u00fcdseite und zu den s\u00fcdlichen Regionen der Romandie.<\/p>\n<h2>Prognose<\/h2>\n<p>Auf der\u00a0<strong>Alpens\u00fcdseite<\/strong>\u00a0erreicht die H\u00f6chsttemperatur am Mittwoch 33 Grad, womit der Hitzeindex erneut \u00fcber die Warnschwelle von 90 ansteigt. Ab Donnerstag verst\u00e4rkt sich das Hochdruckgebiet \u00fcber dem Mittelmeer und erstreckt sich zunehmend zum Alpenraum. Dies bewirkt einen weiteren Temperaturanstieg im ganzen Land. W\u00e4hrend dieser intensivsten Phase des Ereignisses von Freitagmittag bis Samstagabend erreicht die Tagesh\u00f6chsttemperatur in den Niederungen der Alpens\u00fcdseite 34 bis 36 Grad und einer relativen Luftfeuchtigkeit von 35-45%\u00bb. In der Nacht liegt die Tiefsttemperatur jeweils zwischen 20 und 23 Grad, in den St\u00e4dten zum Teil noch etwas h\u00f6her. Ab Sonntagnachmittag wird allgemein eine Zunahme der Gewitteraktivit\u00e4t und in der Folge der Zufluss einer etwas k\u00fchleren Luftmasse erwartet. Damit wird die f\u00fcnft\u00e4gige Hitzeperiode voraussichtlich beendet.<\/p>\n<p>Ab Donnerstag wird die Hitzewelle auch das\u00a0<strong>Genferseebecken und das zentrale Wallis<\/strong>\u00a0erreichen. Ihr Ende wird am Samstagabend mit dem Eintreffen einer Gewitterst\u00f6rung erwartet. Auch wenn die Hitzewelle hier etwas k\u00fcrzer ausf\u00e4llt, ist sie sehr intensiv: die H\u00f6chsttemperatur bewegt sich am Freitag und Samstag zwischen 36 und 38 Grad in Genf und Sion, bei einer Luftfeuchtigkeit bis zu 40%. W\u00e4hrend der Nacht k\u00fchlt es nicht unter 18 bis 22 Grad ab. In den St\u00e4dten liegt die Tiefsttemperatur zum Teil noch etwas h\u00f6her.<\/p>\n<p>F\u00fcr die\u00a0<strong>Deutschschweiz<\/strong>\u00a0wird keine Hitzewarnung ausgegeben, weil am Donnerstag die Luft zu trocken ist. Damit wird der bei MeteoSchweiz verwendete Schwellenwert f\u00fcr eine Hitzewarnung der Stufe 3 (Hitzeindex von 90 oder h\u00f6her an mindestens drei aufeinanderfolgenden Tagen) nicht erreicht, auch wenn es dort vor allem am Freitag und Samstag sehr heiss wird.<\/p>\n<h2>Verhalten bei Hitzewellen<\/h2>\n<p>Es ist Ferienzeit, viele Personen weilen in den beliebten Ferienregionen Tessin, Wallis und am Genfersee, und gerade an unserem Nationalfeiertag am Samstag werden sich etliche Personen in der ganzen Schweiz im Freien aufhalten.<\/p>\n<p>Hohe Temperaturen k\u00f6nnen Auswirkungen auf die Gesundheit haben und die k\u00f6rperliche und geistige Leistungsf\u00e4higkeit beeintr\u00e4chtigen. Zur Risikogruppe z\u00e4hlen vor allem \u00e4ltere Menschen, (chronisch) kranke Personen, Schwangere sowie Kleinkinder. Sie ben\u00f6tigen spezielle Aufmerksamkeit und, falls erforderlich, auch Betreuung.<\/p>\n<p>Die wichtigsten Empfehlungen, um sich vor der Hitze zu sch\u00fctzen sind:<\/p>\n<ul>\n<li>K\u00f6rperliche Anstrengungen w\u00e4hrend der heissesten Tageszeit vermeiden<\/li>\n<li>Wohnung und K\u00f6rper m\u00f6glichst k\u00fchl halten<\/li>\n<li>Viel Wasser trinken (mindestens 1.5 Liter pro Tag)<\/li>\n<li>Erfrischende, k\u00fchle Speisen zu sich nehmen<\/li>\n<li>W\u00e4hrend und nach sportlichen Bet\u00e4tigungen den Salzverlust ausgleichen<\/li>\n<\/ul>\n<p>Bei Anzeichen von Symptomen wie z.B. erh\u00f6htem Puls, Schw\u00e4che, Kopfschmerzen, Verwirrtheit, Schwindel, \u00dcbelkeit oder Durchfall muss gehandelt werden: Die betroffene Person hinlegen und den K\u00f6rper abk\u00fchlen. Falls sie bei Bewusstsein ist, frisches Wasser zu trinken geben. Wenn diese Massnahmen keine Besserung bringen, muss medizinische Hilfe angefordert werden.<\/p>\n","protected":false},"excerpt":{"rendered":"<p>Hohe Temperaturen k\u00f6nnen Auswirkungen auf die Gesundheit haben und die k\u00f6rperliche und geistige Leistungsf\u00e4higkeit beeintr\u00e4chtigen. Zur Risikogruppe z\u00e4hlen vor allem \u00e4ltere Menschen, (chronisch) kranke Personen, Schwangere sowie Kleinkinder<\/p>\n","protected":false},"author":4,"featured_media":288102,"comment_status":"open","ping_status":"open","sticky":false,"template":"","format":"standard","meta":{"footnotes":""},"categories":[1141,1140],"tags":[1633],"vendi":[],"content_country":[31836,31837],"class_list":["post-396861","post","type-post","status-publish","format-standard","has-post-thumbnail","hentry","category-themen","category-leben-in-der-schweiz","tag-zvicer-de","content_country-austria-de","content_country-germany-de"],"acf":[],"_links":{"self":[{"href":"https:\/\/www.albinfo.at\/de\/wp-json\/wp\/v2\/posts\/396861","targetHints":{"allow":["GET"]}}],"collection":[{"href":"https:\/\/www.albinfo.at\/de\/wp-json\/wp\/v2\/posts"}],"about":[{"href":"https:\/\/www.albinfo.at\/de\/wp-json\/wp\/v2\/types\/post"}],"author":[{"embeddable":true,"href":"https:\/\/www.albinfo.at\/de\/wp-json\/wp\/v2\/users\/4"}],"replies":[{"embeddable":true,"href":"https:\/\/www.albinfo.at\/de\/wp-json\/wp\/v2\/comments?post=396861"}],"version-history":[{"count":0,"href":"https:\/\/www.albinfo.at\/de\/wp-json\/wp\/v2\/posts\/396861\/revisions"}],"wp:featuredmedia":[{"embeddable":true,"href":"https:\/\/www.albinfo.at\/de\/wp-json\/wp\/v2\/media\/288102"}],"wp:attachment":[{"href":"https:\/\/www.albinfo.at\/de\/wp-json\/wp\/v2\/media?parent=396861"}],"wp:term":[{"taxonomy":"category","embeddable":true,"href":"https:\/\/www.albinfo.at\/de\/wp-json\/wp\/v2\/categories?post=396861"},{"taxonomy":"post_tag","embeddable":true,"href":"https:\/\/www.albinfo.at\/de\/wp-json\/wp\/v2\/tags?post=396861"},{"taxonomy":"vendi","embeddable":true,"href":"https:\/\/www.albinfo.at\/de\/wp-json\/wp\/v2\/vendi?post=396861"},{"taxonomy":"content_country","embeddable":true,"href":"https:\/\/www.albinfo.at\/de\/wp-json\/wp\/v2\/content_country?post=396861"}],"curies":[{"name":"wp","href":"https:\/\/api.w.org\/{rel}","templated":true}]}}