{"id":387917,"date":"2020-06-19T22:08:51","date_gmt":"2020-06-19T20:08:51","guid":{"rendered":"https:\/\/www.albinfo.ch\/?p=387917"},"modified":"2020-06-19T22:08:51","modified_gmt":"2020-06-19T20:08:51","slug":"familien-waehrend-corona-arbeit-und-kinderbetreuung-belastet-frauen-staerker-als-maenner","status":"publish","type":"post","link":"https:\/\/www.albinfo.at\/de\/familien-waehrend-corona-arbeit-und-kinderbetreuung-belastet-frauen-staerker-als-maenner\/","title":{"rendered":"Familien w\u00e4hrend Corona: Arbeit und Kinderbetreuung belastet Frauen st\u00e4rker als M\u00e4nner"},"content":{"rendered":"<div class=\"contentHead\"><\/div>\n<div class=\"mod mod-nsbnewsdetails\">\n<p>Ob man in einem Haushalt mit Kindern lebt oder nicht, hat einen entscheidenden Einfluss auf die Arbeitsbelastung w\u00e4hrend der Covid-19-Pandemie. Das zeigt eine Studie von Sotomo, die vom Eidgen\u00f6ssischen B\u00fcro f\u00fcr die Gleichstellung von Frau und Mann EBG in Auftrag gegeben wurde. Zudem macht sich ein deutlicher Unterschied zwischen den Geschlechtern bemerkbar.<\/p>\n<p><strong>Haushalte mit Kindern st\u00e4rker belastet<br \/>\n<\/strong>Die Massnahmen des Bundesrates zur Eind\u00e4mmung des Corona-Virus hatten insbesondere f\u00fcr Befragte mit betreuungspflichtigen Kindern einschneidende Folgen. Erwerbst\u00e4tige sollten im Home-Office arbeiten, w\u00e4hrend der Schulunterricht ausgesetzt und die familienerg\u00e4nzenden Kinderbetreuungsm\u00f6glichkeiten eingeschr\u00e4nkt wurde. Rund ein Viertel bis knapp ein Drittel der Befragten, die mit Kindern unter 16 Jahren zusammenleben, gaben an, wegen Homeschooling und Kinderbetreuung weniger Kapazit\u00e4ten f\u00fcr die Erwerbst\u00e4tigkeit zu haben. Befragte ohne betreuungspflichtige Kinder im Haushalt gaben h\u00e4ufiger an, keine Ver\u00e4nderung in ihrer Arbeitsbelastung festzustellen.<\/p>\n<p>Das soziale Milieu spielt eine grosse Rolle: Je besser gebildet, desto gr\u00f6sser die empfundene Einschr\u00e4nkung der Arbeitskapazit\u00e4t. Eltern mit weniger hohem Bildungsstand \u00fcben h\u00e4ufiger T\u00e4tigkeiten aus, die nicht vom Homeoffice aus erledigt werden k\u00f6nnen und haben entsprechend weniger M\u00f6glichkeiten, zu Hause Homeschoolings und Kinderbetreuung zu leisten.<\/p>\n<p><strong>Frauen haben weniger Zeit f\u00fcr Erwerbsarbeit als M\u00e4nner<br \/>\n<\/strong>Die Studie liefert Ergebnisse, die mit internationalen Studien im Einklang stehen: Frauen und M\u00e4nner werden durch Krisen unterschiedlich getroffen. Die zus\u00e4tzliche Belastung durch Homeschooling und Kinderbetreuung lastet dabei st\u00e4rker auf den Schultern von Frauen als von M\u00e4nnern. W\u00e4hrend die Schulen geschlossen und familienerg\u00e4nzende Kinderbetreuungen eingeschr\u00e4nkt waren, gaben auch in der Schweiz mehr Frauen als M\u00e4nner an, dass sie weniger Kapazit\u00e4ten f\u00fcr ihre Erwerbsarbeit h\u00e4tten. Allerdings empfanden Frauen und M\u00e4nner mit betreuungspflichtigen Kindern den erh\u00f6hten Kinderbetreuungsaufwand mental als gleichermassen belastend. Am meisten stellten gutgebildete Frauen eine verminderte Arbeitskapazit\u00e4t fest.<\/p>\n<p><strong>Spannungen und Konflikte<br \/>\n<\/strong>Die Krise hatte Auswirkungen auf die Stimmung in den Haushalten. Ungef\u00e4hr jede f\u00fcnfte befragte Person gab an, zu Hause mehr Spannungen und Konflikte zu erleben als vor der Pandemie. \u00dcber die Zeit betrachtet, stieg der Anteil der M\u00e4nner, die zu Hause mehr Spannungen und Konflikte wahrnahmen, etwas an, w\u00e4hrend er bei den Frauen mit der Zeit etwas abnahm.<\/p>\n<p>Die Analyse basiert auf den Daten des SRG-Corona-Monitors. Die Umfrage erfolgte in vier Befragungswellen zwischen dem 22. M\u00e4rz und 8. Juni 2020. Im Durchschnitt beteiligten sich jeweils rund 30&#8217;000 Personen an einer Befragung.<\/p>\n<p>Die Studie erlaubt eine erste Einordnung der Auswirkungen der Covid-19-Pandemie auf die Schweizer Bev\u00f6lkerung und den Einfluss auf das Erwerbs- und Familienleben. Gemeinsam mit dem Policy Brief der wissenschaftlichen Covid-19-Taskforce des Bundes bildet sie eine Grundlage f\u00fcr die Ausgestaltung der Strategie Gleichstellung, die der Bundesrat im Rahmen der neuen Legislaturplanung verabschiedet hat.<\/p>\n<\/div>\n","protected":false},"excerpt":{"rendered":"<p>Eine vom Eidgen\u00f6ssischen B\u00fcro f\u00fcr die Gleichstellung von Frau und Mann in Auftrag gegebene Studie gibt erste Antworten auf die Frage, wie sich die Arbeitsbelastung der Schweizer Bev\u00f6lkerung w\u00e4hrend der Covid-19-Pandemie ver\u00e4ndert hat. Die Befunde zeigen: Die zus\u00e4tzlichen Betreuungspflichten aus Homeschooling und die Einschr\u00e4nkung der familienexternen Kinderbetreuungsm\u00f6glichkeiten ging bei den Befragten zu Lasten der Arbeitskapazit\u00e4t. Berufst\u00e4tige Frauen waren davon st\u00e4rker betroffen als berufst\u00e4tige M\u00e4nner.<\/p>\n","protected":false},"author":4,"featured_media":387918,"comment_status":"open","ping_status":"open","sticky":false,"template":"","format":"standard","meta":{"footnotes":""},"categories":[24631,1140],"tags":[1633],"vendi":[],"content_country":[31836,31837],"class_list":["post-387917","post","type-post","status-publish","format-standard","has-post-thumbnail","hentry","category-nachrichten-de-2","category-leben-in-der-schweiz","tag-zvicer-de","content_country-austria-de","content_country-germany-de"],"acf":[],"_links":{"self":[{"href":"https:\/\/www.albinfo.at\/de\/wp-json\/wp\/v2\/posts\/387917","targetHints":{"allow":["GET"]}}],"collection":[{"href":"https:\/\/www.albinfo.at\/de\/wp-json\/wp\/v2\/posts"}],"about":[{"href":"https:\/\/www.albinfo.at\/de\/wp-json\/wp\/v2\/types\/post"}],"author":[{"embeddable":true,"href":"https:\/\/www.albinfo.at\/de\/wp-json\/wp\/v2\/users\/4"}],"replies":[{"embeddable":true,"href":"https:\/\/www.albinfo.at\/de\/wp-json\/wp\/v2\/comments?post=387917"}],"version-history":[{"count":0,"href":"https:\/\/www.albinfo.at\/de\/wp-json\/wp\/v2\/posts\/387917\/revisions"}],"wp:featuredmedia":[{"embeddable":true,"href":"https:\/\/www.albinfo.at\/de\/wp-json\/wp\/v2\/media\/387918"}],"wp:attachment":[{"href":"https:\/\/www.albinfo.at\/de\/wp-json\/wp\/v2\/media?parent=387917"}],"wp:term":[{"taxonomy":"category","embeddable":true,"href":"https:\/\/www.albinfo.at\/de\/wp-json\/wp\/v2\/categories?post=387917"},{"taxonomy":"post_tag","embeddable":true,"href":"https:\/\/www.albinfo.at\/de\/wp-json\/wp\/v2\/tags?post=387917"},{"taxonomy":"vendi","embeddable":true,"href":"https:\/\/www.albinfo.at\/de\/wp-json\/wp\/v2\/vendi?post=387917"},{"taxonomy":"content_country","embeddable":true,"href":"https:\/\/www.albinfo.at\/de\/wp-json\/wp\/v2\/content_country?post=387917"}],"curies":[{"name":"wp","href":"https:\/\/api.w.org\/{rel}","templated":true}]}}