{"id":384380,"date":"2020-06-06T11:40:28","date_gmt":"2020-06-06T09:40:28","guid":{"rendered":"https:\/\/www.albinfo.ch\/?p=384380"},"modified":"2020-06-06T11:14:00","modified_gmt":"2020-06-06T09:14:00","slug":"50-jahre-diskurse-ueber-das-fremde","status":"publish","type":"post","link":"https:\/\/www.albinfo.at\/de\/50-jahre-diskurse-ueber-das-fremde\/","title":{"rendered":"50 Jahre Diskurse \u00fcber das Fremde"},"content":{"rendered":"<div class=\"contentHead\"><\/div>\n<div class=\"mod mod-nsbnewsdetails\">\n<p><strong>Mit der Schwarzenbach-Initiative konnte sich die Stimmbev\u00f6lkerung 1970 zum ersten Mal zu einer Vorlage \u00e4ussern, welche die ausl\u00e4ndische Bev\u00f6lkerung im Land zu begrenzen suchte. Seither ist die Zuwanderung in regelm\u00e4ssigen Abst\u00e4nden Gegenstand hochemotionaler Debatten und politischer Vorst\u00f6sse. Die Studie der Eidgen\u00f6ssischen Migrationskommission EKM zeichnet die Geschichte von Abwehr, Fremdenfeindlichkeit und vom Mythos des autonomen, von niemandem abh\u00e4ngigen Nationalstaats nach \u2013 und zeigt, dass es immer auch Gegenentw\u00fcrfe gab, zugunsten einer offenen und fortschrittlichen Schweiz.<\/strong><\/p>\n<p>Am 7. Juni 1970 gelangte die Schwarzenbach-Initiative zur Abstimmung. Die Bef\u00fcrworter der Initiative f\u00fchrten einen intensiven und emotionsgeladenen Abstimmungskampf. Ihre zentrale Argumentation, wonach der Bundesrat und die schweizerische Elite in der Ausl\u00e4nderpolitik versagt h\u00e4tten und der hohe Anteil an Ausl\u00e4ndern die schweizerische Eigenart bedrohe, traf bei weiten Teilen der Schweizer Bev\u00f6lkerung auf offene Ohren. Bei einer Rekordstimmbeteiligung von 74 Prozent erhielt die Initiative die Zustimmung von 46 Prozent der Stimmbev\u00f6lkerung. Kurz nach der Ablehnung der Schwarzenbach-Initiative wurde die EKM als \u00abEidgen\u00f6ssische Konsultativkommission f\u00fcr das Ausl\u00e4nderproblem\u00bb gegr\u00fcndet.<\/p>\n<p>Seit der Schwarzenbach-Initiative wird in der Schweiz in regelm\u00e4ssigen Abst\u00e4nden \u00fcber Initiativen gestritten, welche die Zuwanderung zu einem zentralen politischen Problem erkl\u00e4ren und dabei zugleich das Verh\u00e4ltnis der Schweiz zur EU in Frage stellen. Die Studie von Angelo Maiolino im Auftrag der EKM zeichnet nach, wie sich die Politik seit 50 Jahren von der Rhetorik \u00fcber das Fremde treiben l\u00e4sst. Sie zeigt jedoch auch auf, dass die Gesellschaft immer wieder Wege gefunden hat, den Drohkulissen und Angstszenarien konstruktive Gegenentw\u00fcrfe des Miteinanders entgegenzustellen.<\/p>\n<p>Im September wird die Stimmbev\u00f6lkerung einmal mehr \u00fcber eine Initiative befinden, welche darauf abzielt, die Zuwanderung zu begrenzen: die Initiative \u00abF\u00fcr eine massvolle Zuwanderung\u00bb (K\u00fcndigungsinitiative). Auch diesmal steht der Schweiz ein heftiger Abstimmungskampf bevor. Erneut wird laut und heftig \u00fcber das \u00abWir\u00bb und die \u00abAnderen\u00bb debattiert werden. Fremdenfeindliche Diskurse lenken jedoch von den zentralen Herausforderungen ab, die sich der Schweiz in Zukunft stellen: beispielsweise die Herausforderungen der Digitalisierung, der demografischen Entwicklungen oder des Klimawandels. Diese Herausforderungen k\u00f6nnen wir nur gemeinsam l\u00f6sen.<\/p>\n<\/div>\n","protected":false},"excerpt":{"rendered":"<p>Die Studie von Angelo Maiolino im Auftrag der EKM zeichnet nach, wie sich die Politik seit 50 Jahren von der Rhetorik \u00fcber das Fremde treiben l\u00e4sst<\/p>\n","protected":false},"author":4,"featured_media":208393,"comment_status":"open","ping_status":"open","sticky":false,"template":"","format":"standard","meta":{"footnotes":""},"categories":[1141,23124,1140],"tags":[],"vendi":[],"content_country":[],"class_list":["post-384380","post","type-post","status-publish","format-standard","has-post-thumbnail","hentry","category-themen","category-thematisch","category-leben-in-der-schweiz"],"acf":[],"_links":{"self":[{"href":"https:\/\/www.albinfo.at\/de\/wp-json\/wp\/v2\/posts\/384380","targetHints":{"allow":["GET"]}}],"collection":[{"href":"https:\/\/www.albinfo.at\/de\/wp-json\/wp\/v2\/posts"}],"about":[{"href":"https:\/\/www.albinfo.at\/de\/wp-json\/wp\/v2\/types\/post"}],"author":[{"embeddable":true,"href":"https:\/\/www.albinfo.at\/de\/wp-json\/wp\/v2\/users\/4"}],"replies":[{"embeddable":true,"href":"https:\/\/www.albinfo.at\/de\/wp-json\/wp\/v2\/comments?post=384380"}],"version-history":[{"count":0,"href":"https:\/\/www.albinfo.at\/de\/wp-json\/wp\/v2\/posts\/384380\/revisions"}],"wp:featuredmedia":[{"embeddable":true,"href":"https:\/\/www.albinfo.at\/de\/wp-json\/wp\/v2\/media\/208393"}],"wp:attachment":[{"href":"https:\/\/www.albinfo.at\/de\/wp-json\/wp\/v2\/media?parent=384380"}],"wp:term":[{"taxonomy":"category","embeddable":true,"href":"https:\/\/www.albinfo.at\/de\/wp-json\/wp\/v2\/categories?post=384380"},{"taxonomy":"post_tag","embeddable":true,"href":"https:\/\/www.albinfo.at\/de\/wp-json\/wp\/v2\/tags?post=384380"},{"taxonomy":"vendi","embeddable":true,"href":"https:\/\/www.albinfo.at\/de\/wp-json\/wp\/v2\/vendi?post=384380"},{"taxonomy":"content_country","embeddable":true,"href":"https:\/\/www.albinfo.at\/de\/wp-json\/wp\/v2\/content_country?post=384380"}],"curies":[{"name":"wp","href":"https:\/\/api.w.org\/{rel}","templated":true}]}}