{"id":383803,"date":"2020-06-04T08:30:15","date_gmt":"2020-06-04T06:30:15","guid":{"rendered":"https:\/\/www.albinfo.ch\/?p=383803"},"modified":"2020-06-04T00:37:18","modified_gmt":"2020-06-03T22:37:18","slug":"die-schweiz-haelt-ihre-einreisebeschraenkungen-an-der-grenze-zu-italien-aufrecht","status":"publish","type":"post","link":"https:\/\/www.albinfo.at\/de\/die-schweiz-haelt-ihre-einreisebeschraenkungen-an-der-grenze-zu-italien-aufrecht\/","title":{"rendered":"Die Schweiz h\u00e4lt ihre Einreisebeschr\u00e4nkungen an der Grenze zu Italien aufrecht"},"content":{"rendered":"<div class=\"contentHead\"><\/div>\n<div class=\"mod mod-nsbnewsdetails\">\n<p><strong>Italien hat beschlossen, die Einreisebeschr\u00e4nkungen an den Schengen-Binnengrenzen zu seinen Nachbarstaaten am 3.\u00a0Juni 2020 aufzuheben. Die Schweiz h\u00e4lt eine gegenseitige Aufhebung dieser Beschr\u00e4nkungen f\u00fcr verfr\u00fcht. Sie hat \u2013 ebenso wie die anderen betroffenen Nachbarstaaten \u2013 der italienischen Regierung ihren Beschluss mitgeteilt, die geltenden Einreisebeschr\u00e4nkungen bis auf Weiteres beizubehalten. Schweizerische und liechtensteinische Staatsangeh\u00f6rige sowie Personen mit einer Schweizer Aufenthaltsbewilligung, die ab dem 3.\u00a0Juni nach Italien reisen, d\u00fcrfen danach in die Schweiz zur\u00fcckkehren. Der Bundesrat beabsichtigt, in Absprache mit den betroffenen Grenzkantonen die \u00d6ffnung der Grenze mit den anderen Nachbarl\u00e4ndern Italiens zu koordinieren.<\/strong><\/p>\n<p>Italien hat beschlossen, seine Grenzen ab dem 3. Juni wieder zu \u00f6ffnen. Nach Ansicht der Schweiz ist es noch zu fr\u00fch, die Grenzkontrollen an der S\u00fcdgrenze aufzuheben. Die Schweiz steht in engem Kontakt mit den italienischen Beh\u00f6rden wie auch mit den Beh\u00f6rden Deutschlands, \u00d6sterreichs und Frankreichs. Sie m\u00f6chte mit ihnen das Grenzregime koordinieren und soweit m\u00f6glich gemeinsam regeln.<\/p>\n<h3>Einreise in die Schweiz weiterhin beschr\u00e4nkt, Einkaufstourismus verboten<\/h3>\n<p>Die Schweiz beabsichtigt, das Grenzregime mit Italien m\u00f6glichst rasch zu koordinieren und steht in engem Kontakt mit den italienischen Beh\u00f6rden. Bis auf Weiteres bleibt die Einreise aus Italien in die Schweiz wie folgt geregelt:<\/p>\n<ul>\n<li>Die Grenzkontrollen an Grenz\u00fcberg\u00e4ngen zu Italien bleiben bestehen; diese finden risikobasiert statt, werden jedoch intensiviert. Die Eidgen\u00f6ssische Zollverwaltung (EZV) wird Personen die Einreise verweigern, wenn die Voraussetzungen nicht erf\u00fcllt sind.<\/li>\n<li>Zur Einreise in die Schweiz ist im Wesentlichen nur berechtigt, wer das Schweizer B\u00fcrgerrecht besitzt, \u00fcber eine ausl\u00e4nderrechtliche Bewilligung verf\u00fcgt oder zugelassen wird, weil die Einreise aufgrund der pers\u00f6nlichen Umst\u00e4nde dringend geboten ist. Einreisen aus Gr\u00fcnden, die nicht in der COVID-19-Verordnung 2 oder in den Weisungen des Staatssekretariats f\u00fcr Migration (SEM) genannt werden, bleiben verboten. Darunter f\u00e4llt etwa die Stellensuche oder die Einreise zu rein touristischen Zwecken. Das SEM listet auf seiner Website alle Informationen zu den aktuellen Bestimmungen auf.<\/li>\n<li>Die aktuelle \u00dcbersicht der ge\u00f6ffneten Grenz\u00fcberg\u00e4nge zu Italien ist auf der Website der EZV einsehbar. Eine \u00d6ffnung von weiteren Grenz\u00fcberg\u00e4ngen zu Italien ist im Moment nicht geplant.<\/li>\n<li>Grenzg\u00e4ngerinnen und Grenzg\u00e4nger k\u00f6nnen \u2013 wie bisher \u2013 in die Schweiz einreisen, um hier zu arbeiten und anschliessend nach Italien zur\u00fcckzukehren.<\/li>\n<li>Der Einkaufstourismus zwischen den beiden L\u00e4ndern bleibt verboten.<\/li>\n<li>Ausl\u00e4ndischen Personen, die aus einem Nachbarland in die Schweiz einreisen, um diese zu durchqueren und in ihr Herkunftsland zu reisen, ist die Durchreise erlaubt. Besteht Grund zur Annahme, dass die Wiederausreise nicht m\u00f6glich ist, so wird die Einreise in die Schweiz zwecks Durchreise verweigert.<\/li>\n<li>Schweizerische und liechtensteinische Staatsangeh\u00f6rige sowie Personen mit einer Schweizer Aufenthaltsbewilligung, die nach Italien reisen, d\u00fcrfen in die Schweiz und nach Liechtenstein zur\u00fcckkehren.<\/li>\n<li>Im Bedarfsfall kann das Eidgen\u00f6ssische Departement des Innern (EDI) im Einvernehmen mit dem Eidgen\u00f6ssischen Justiz- und Polizeidepartement (EJPD) und dem Eidgen\u00f6ssischen Finanzdepartement (EFD) f\u00fcr bestimmte Kategorien von Personen, die aus einem Risikostaat gem\u00e4ss COVID-19-Verordnung 2 einreisen, Gesundheitsmassnahmen an der Grenze anordnen.<\/li>\n<\/ul>\n<p>Die Schweiz m\u00f6chte ihre Grenzen so rasch wie m\u00f6glich wieder \u00f6ffnen. Sie ist mit Deutschland, \u00d6sterreich und Frankreich \u00fcbereingekommen, die Reisebeschr\u00e4nkungen zwischen diesen L\u00e4ndern am 15. Juni aufzuheben, sofern die Epidemie weiterhin positiv verl\u00e4uft.<\/p>\n<\/div>\n","protected":false},"excerpt":{"rendered":"<p>Die Schweiz m\u00f6chte ihre Grenzen so rasch wie m\u00f6glich wieder \u00f6ffnen. Sie ist mit Deutschland, \u00d6sterreich und Frankreich \u00fcbereingekommen, die Reisebeschr\u00e4nkungen zwischen diesen L\u00e4ndern am 15. Juni aufzuheben, sofern die Epidemie weiterhin positiv verl\u00e4uft<\/p>\n","protected":false},"author":4,"featured_media":383643,"comment_status":"open","ping_status":"open","sticky":false,"template":"","format":"standard","meta":{"footnotes":""},"categories":[22520,24006,1140],"tags":[],"vendi":[],"content_country":[31836],"class_list":["post-383803","post","type-post","status-publish","format-standard","has-post-thumbnail","hentry","category-coronavirus-minute-fuer-minute","category-lajme-jeta-ne-zvicer-de","category-leben-in-der-schweiz","content_country-austria-de"],"acf":[],"_links":{"self":[{"href":"https:\/\/www.albinfo.at\/de\/wp-json\/wp\/v2\/posts\/383803","targetHints":{"allow":["GET"]}}],"collection":[{"href":"https:\/\/www.albinfo.at\/de\/wp-json\/wp\/v2\/posts"}],"about":[{"href":"https:\/\/www.albinfo.at\/de\/wp-json\/wp\/v2\/types\/post"}],"author":[{"embeddable":true,"href":"https:\/\/www.albinfo.at\/de\/wp-json\/wp\/v2\/users\/4"}],"replies":[{"embeddable":true,"href":"https:\/\/www.albinfo.at\/de\/wp-json\/wp\/v2\/comments?post=383803"}],"version-history":[{"count":0,"href":"https:\/\/www.albinfo.at\/de\/wp-json\/wp\/v2\/posts\/383803\/revisions"}],"wp:featuredmedia":[{"embeddable":true,"href":"https:\/\/www.albinfo.at\/de\/wp-json\/wp\/v2\/media\/383643"}],"wp:attachment":[{"href":"https:\/\/www.albinfo.at\/de\/wp-json\/wp\/v2\/media?parent=383803"}],"wp:term":[{"taxonomy":"category","embeddable":true,"href":"https:\/\/www.albinfo.at\/de\/wp-json\/wp\/v2\/categories?post=383803"},{"taxonomy":"post_tag","embeddable":true,"href":"https:\/\/www.albinfo.at\/de\/wp-json\/wp\/v2\/tags?post=383803"},{"taxonomy":"vendi","embeddable":true,"href":"https:\/\/www.albinfo.at\/de\/wp-json\/wp\/v2\/vendi?post=383803"},{"taxonomy":"content_country","embeddable":true,"href":"https:\/\/www.albinfo.at\/de\/wp-json\/wp\/v2\/content_country?post=383803"}],"curies":[{"name":"wp","href":"https:\/\/api.w.org\/{rel}","templated":true}]}}