{"id":378165,"date":"2020-05-13T22:05:59","date_gmt":"2020-05-13T20:05:59","guid":{"rendered":"https:\/\/www.albinfo.ch\/?p=378165"},"modified":"2020-05-14T14:38:40","modified_gmt":"2020-05-14T12:38:40","slug":"asylstatistik-april-2020","status":"publish","type":"post","link":"https:\/\/www.albinfo.at\/de\/asylstatistik-april-2020\/","title":{"rendered":"Asylstatistik April 2020"},"content":{"rendered":"<div class=\"contentHead\"><\/div>\n<div class=\"mod mod-nsbnewsdetails\">\n<p>Das Staatssekretariat f\u00fcr Migration erledigte im April 2020 insgesamt 1309\u00a0Asylgesuche in erster Instanz. Dabei wurden 158 Nichteintretensentscheide gef\u00e4llt (davon 126 auf Grundlage des Dublin-Abkommens), 381 Personen erhielten Asyl und 432 wurden vorl\u00e4ufig aufgenommen. Die Zahl der erstinstanzlich h\u00e4ngigen F\u00e4lle ging im Vergleich zum Vormonat um 801 auf 6098\u00a0zur\u00fcck.<\/p>\n<p>Im April haben 68 Personen die Schweiz kontrolliert verlassen oder wurden r\u00fcckgef\u00fchrt. Im Rahmen der Massnahmen zur Pr\u00e4vention der Coronavirus-Epidemie schr\u00e4nkt die Schweiz seit dem 25. M\u00e4rz 2020 die Einreise aus allen Schengen-Staaten mit Ausnahme des F\u00fcrstentums Liechtenstein ein. Infolge dieser Beschr\u00e4nkungen sind auch alle Dublin-\u00dcberstellungen ausgesetzt.<\/p>\n<p>Die wichtigsten Herkunftsl\u00e4nder der Asylsuchenden in der Schweiz waren im April Eritrea mit 96\u00a0Gesuchen (65 weniger als im M\u00e4rz), Syrien (40 Gesuche; \u201344), Afghanistan (26 Gesuche; \u201359), T\u00fcrkei (21\u00a0Gesuche; \u201364) und Sri Lanka (18 Gesuche; \u201335).<\/p>\n<\/div>\n","protected":false},"excerpt":{"rendered":"<p>Aufgrund der Coronakrise kamen weniger Asylsuchende in die Schweiz. Im April 2020 wurden in der Schweiz 332 Asylgesuche eingereicht. Dies entspricht einer Abnahme von 65,5 Prozent (\u2013631 Gesuche) gegen\u00fcber dem Vormonat und von 70,3 Prozent (\u2013786 Gesuche) gegen\u00fcber April 2019<\/p>\n","protected":false},"author":4,"featured_media":377157,"comment_status":"open","ping_status":"open","sticky":false,"template":"","format":"standard","meta":{"footnotes":""},"categories":[22520,24006,1140],"tags":[1633],"vendi":[],"content_country":[31836],"class_list":["post-378165","post","type-post","status-publish","format-standard","has-post-thumbnail","hentry","category-coronavirus-minute-fuer-minute","category-lajme-jeta-ne-zvicer-de","category-leben-in-der-schweiz","tag-zvicer-de","content_country-austria-de"],"acf":[],"_links":{"self":[{"href":"https:\/\/www.albinfo.at\/de\/wp-json\/wp\/v2\/posts\/378165","targetHints":{"allow":["GET"]}}],"collection":[{"href":"https:\/\/www.albinfo.at\/de\/wp-json\/wp\/v2\/posts"}],"about":[{"href":"https:\/\/www.albinfo.at\/de\/wp-json\/wp\/v2\/types\/post"}],"author":[{"embeddable":true,"href":"https:\/\/www.albinfo.at\/de\/wp-json\/wp\/v2\/users\/4"}],"replies":[{"embeddable":true,"href":"https:\/\/www.albinfo.at\/de\/wp-json\/wp\/v2\/comments?post=378165"}],"version-history":[{"count":0,"href":"https:\/\/www.albinfo.at\/de\/wp-json\/wp\/v2\/posts\/378165\/revisions"}],"wp:featuredmedia":[{"embeddable":true,"href":"https:\/\/www.albinfo.at\/de\/wp-json\/wp\/v2\/media\/377157"}],"wp:attachment":[{"href":"https:\/\/www.albinfo.at\/de\/wp-json\/wp\/v2\/media?parent=378165"}],"wp:term":[{"taxonomy":"category","embeddable":true,"href":"https:\/\/www.albinfo.at\/de\/wp-json\/wp\/v2\/categories?post=378165"},{"taxonomy":"post_tag","embeddable":true,"href":"https:\/\/www.albinfo.at\/de\/wp-json\/wp\/v2\/tags?post=378165"},{"taxonomy":"vendi","embeddable":true,"href":"https:\/\/www.albinfo.at\/de\/wp-json\/wp\/v2\/vendi?post=378165"},{"taxonomy":"content_country","embeddable":true,"href":"https:\/\/www.albinfo.at\/de\/wp-json\/wp\/v2\/content_country?post=378165"}],"curies":[{"name":"wp","href":"https:\/\/api.w.org\/{rel}","templated":true}]}}