{"id":361914,"date":"2020-03-10T14:08:42","date_gmt":"2020-03-10T13:08:42","guid":{"rendered":"https:\/\/www.albinfo.ch\/?p=361914"},"modified":"2020-03-11T18:13:29","modified_gmt":"2020-03-11T17:13:29","slug":"coronavirus-in-der-schweiz-wurde-der-dritte-todesfall-vermeldet","status":"publish","type":"post","link":"https:\/\/www.albinfo.at\/de\/coronavirus-in-der-schweiz-wurde-der-dritte-todesfall-vermeldet\/","title":{"rendered":"Coronavirus: In der Schweiz wurde der dritte Todesfall vermeldet"},"content":{"rendered":"<p>In der Schweiz wurde der dritte Todesfall vermeldet. Es handelt sich um eine \u00fcber 80-j\u00e4hrige Frau aus dem Kanton Tessin. Das BAG steht mit den Beh\u00f6rden des Kantons Tessin in Kontakt.<\/p>\n<p><b>10. M\u00e4rz 2020, 12 Uhr:\u00a0<\/b><b>Best\u00e4tigte Ansteckungen:<\/b>\u00a0476 Personen<\/p>\n<p><b>Meldungen zu Erkrankungen:<\/b>\u00a0aus den Kantonen Aargau, Appenzell Ausserrhoden, Baselland, Basel-Stadt, Bern, Freiburg, Genf, Graub\u00fcnden, Jura, Luzern, Neuenburg, St. Gallen, Schwyz, Solothurn, Tessin, Thurgau, Waadt, Wallis, Zug, Z\u00fcrich sowie aus dem F\u00fcrstentum Liechtenstein.<\/p>\n<p><a href=\"https:\/\/www.bag.admin.ch\/bag\/de\/home\/krankheiten\/ausbrueche-epidemien-pandemien\/aktuelle-ausbrueche-epidemien\/novel-cov.html#1281538915\">bag.admin.ch<\/a><\/p>\n","protected":false},"excerpt":{"rendered":"<p>In der Schweiz wurde der dritte Todesfall vermeldet. Es handelt sich um eine \u00fcber 80-j\u00e4hrige Frau aus dem Kanton Tessin. Das BAG steht mit den Beh\u00f6rden des Kantons Tessin in Kontakt. 10. M\u00e4rz 2020, 12 Uhr:\u00a0Best\u00e4tigte Ansteckungen:\u00a0476 Personen Meldungen zu Erkrankungen:\u00a0aus den Kantonen Aargau, Appenzell Ausserrhoden, Baselland, Basel-Stadt, Bern, Freiburg, Genf, Graub\u00fcnden, Jura, Luzern, Neuenburg, [&hellip;]<\/p>\n","protected":false},"author":6,"featured_media":361727,"comment_status":"open","ping_status":"open","sticky":false,"template":"","format":"standard","meta":{"footnotes":""},"categories":[24006,1140],"tags":[1633],"vendi":[],"content_country":[],"class_list":["post-361914","post","type-post","status-publish","format-standard","has-post-thumbnail","hentry","category-lajme-jeta-ne-zvicer-de","category-leben-in-der-schweiz","tag-zvicer-de"],"acf":[],"_links":{"self":[{"href":"https:\/\/www.albinfo.at\/de\/wp-json\/wp\/v2\/posts\/361914","targetHints":{"allow":["GET"]}}],"collection":[{"href":"https:\/\/www.albinfo.at\/de\/wp-json\/wp\/v2\/posts"}],"about":[{"href":"https:\/\/www.albinfo.at\/de\/wp-json\/wp\/v2\/types\/post"}],"author":[{"embeddable":true,"href":"https:\/\/www.albinfo.at\/de\/wp-json\/wp\/v2\/users\/6"}],"replies":[{"embeddable":true,"href":"https:\/\/www.albinfo.at\/de\/wp-json\/wp\/v2\/comments?post=361914"}],"version-history":[{"count":0,"href":"https:\/\/www.albinfo.at\/de\/wp-json\/wp\/v2\/posts\/361914\/revisions"}],"wp:featuredmedia":[{"embeddable":true,"href":"https:\/\/www.albinfo.at\/de\/wp-json\/wp\/v2\/media\/361727"}],"wp:attachment":[{"href":"https:\/\/www.albinfo.at\/de\/wp-json\/wp\/v2\/media?parent=361914"}],"wp:term":[{"taxonomy":"category","embeddable":true,"href":"https:\/\/www.albinfo.at\/de\/wp-json\/wp\/v2\/categories?post=361914"},{"taxonomy":"post_tag","embeddable":true,"href":"https:\/\/www.albinfo.at\/de\/wp-json\/wp\/v2\/tags?post=361914"},{"taxonomy":"vendi","embeddable":true,"href":"https:\/\/www.albinfo.at\/de\/wp-json\/wp\/v2\/vendi?post=361914"},{"taxonomy":"content_country","embeddable":true,"href":"https:\/\/www.albinfo.at\/de\/wp-json\/wp\/v2\/content_country?post=361914"}],"curies":[{"name":"wp","href":"https:\/\/api.w.org\/{rel}","templated":true}]}}