{"id":360902,"date":"2020-03-05T18:50:28","date_gmt":"2020-03-05T17:50:28","guid":{"rendered":"https:\/\/www.albinfo.ch\/?p=360902"},"modified":"2020-03-11T18:17:11","modified_gmt":"2020-03-11T17:17:11","slug":"neues-coronavirus-erster-todesfall-im-kanton-waadt","status":"publish","type":"post","link":"https:\/\/www.albinfo.at\/de\/neues-coronavirus-erster-todesfall-im-kanton-waadt\/","title":{"rendered":"Neues Coronavirus: Erster Todesfall im Kanton Waadt"},"content":{"rendered":"<p>Der Kanton Waadt hat am 5. M\u00e4rz 2020 einen Todesfall durch das neue Coronavirus gemeldet. Es handelt sich um den ersten Todesfall in der Schweiz. Das Bundesamt f\u00fcr Gesundheit steht in engem Kontakt mit den Beh\u00f6rden des Kantons Waadt.<\/p>\n<p>Bei der verstorbenen Person handelt es sich um eine mit dem Coronavirus infizierte 74-j\u00e4hrige Frau. Sie war seit dem 3. M\u00e4rz hospitalisiert und ist in der Nacht des 5. M\u00e4rz verstorben. Die Waadtl\u00e4nder Beh\u00f6rden werden um 13.30 Uhr im Rahmen eines Point de Presse informieren.<\/p>\n","protected":false},"excerpt":{"rendered":"<p>Der Kanton Waadt hat am 5. M\u00e4rz 2020 einen Todesfall durch das neue Coronavirus gemeldet. Es handelt sich um den ersten Todesfall in der Schweiz. Das Bundesamt f\u00fcr Gesundheit steht in engem Kontakt mit den Beh\u00f6rden des Kantons Waadt. Bei der verstorbenen Person handelt es sich um eine mit dem Coronavirus infizierte 74-j\u00e4hrige Frau. Sie [&hellip;]<\/p>\n","protected":false},"author":4,"featured_media":358297,"comment_status":"open","ping_status":"open","sticky":false,"template":"","format":"standard","meta":{"footnotes":""},"categories":[24006,24631,1140],"tags":[1633],"vendi":[],"content_country":[],"class_list":["post-360902","post","type-post","status-publish","format-standard","has-post-thumbnail","hentry","category-lajme-jeta-ne-zvicer-de","category-nachrichten-de-2","category-leben-in-der-schweiz","tag-zvicer-de"],"acf":[],"_links":{"self":[{"href":"https:\/\/www.albinfo.at\/de\/wp-json\/wp\/v2\/posts\/360902","targetHints":{"allow":["GET"]}}],"collection":[{"href":"https:\/\/www.albinfo.at\/de\/wp-json\/wp\/v2\/posts"}],"about":[{"href":"https:\/\/www.albinfo.at\/de\/wp-json\/wp\/v2\/types\/post"}],"author":[{"embeddable":true,"href":"https:\/\/www.albinfo.at\/de\/wp-json\/wp\/v2\/users\/4"}],"replies":[{"embeddable":true,"href":"https:\/\/www.albinfo.at\/de\/wp-json\/wp\/v2\/comments?post=360902"}],"version-history":[{"count":0,"href":"https:\/\/www.albinfo.at\/de\/wp-json\/wp\/v2\/posts\/360902\/revisions"}],"wp:featuredmedia":[{"embeddable":true,"href":"https:\/\/www.albinfo.at\/de\/wp-json\/wp\/v2\/media\/358297"}],"wp:attachment":[{"href":"https:\/\/www.albinfo.at\/de\/wp-json\/wp\/v2\/media?parent=360902"}],"wp:term":[{"taxonomy":"category","embeddable":true,"href":"https:\/\/www.albinfo.at\/de\/wp-json\/wp\/v2\/categories?post=360902"},{"taxonomy":"post_tag","embeddable":true,"href":"https:\/\/www.albinfo.at\/de\/wp-json\/wp\/v2\/tags?post=360902"},{"taxonomy":"vendi","embeddable":true,"href":"https:\/\/www.albinfo.at\/de\/wp-json\/wp\/v2\/vendi?post=360902"},{"taxonomy":"content_country","embeddable":true,"href":"https:\/\/www.albinfo.at\/de\/wp-json\/wp\/v2\/content_country?post=360902"}],"curies":[{"name":"wp","href":"https:\/\/api.w.org\/{rel}","templated":true}]}}