{"id":352678,"date":"2020-02-06T21:40:29","date_gmt":"2020-02-06T20:40:29","guid":{"rendered":"https:\/\/www.albinfo.ch\/?p=352678"},"modified":"2020-02-06T21:40:29","modified_gmt":"2020-02-06T20:40:29","slug":"beschleunigte-asylverfahren-erste-bilanz","status":"publish","type":"post","link":"https:\/\/www.albinfo.at\/de\/beschleunigte-asylverfahren-erste-bilanz\/","title":{"rendered":"Beschleunigte Asylverfahren: Erste Bilanz"},"content":{"rendered":"<p>Am 1. M\u00e4rz 2019 ist das neue Asylgesetz in Kraft getreten. Seither werden Asylgesuche in einem beschleunigten Verfahren behandelt. Die erste Bilanz des Staatssekretariates f\u00fcr Migration ist positiv: Die Asylverfahren k\u00f6nnen im Durchschnitt innerhalb von 50 Tagen abgeschlossen werden. Zudem ist die Zahl der freiwillig ausreisenden Personen deutlich gestiegen. Noch bestehende Herausforderungen sind angegangen worden.<\/p>\n<p>Mit den beschleunigten Asylverfahren soll erreicht werden, dass die Asylsuchenden rasch wissen, ob sie in der Schweiz Schutz erhalten oder unser Land wieder verlassen m\u00fcssen. Eine erste Auswertung zeigt, dass das SEM seit der Inkraftsetzung des neuen Asylgesetzes im Durchschnitt nur noch 50 Tage braucht, um \u00fcber ein Asylgesuch entscheiden zu k\u00f6nnen. Bei den beschleunigten Verfahren betr\u00e4gt die durchschnittliche Verfahrensdauer 50 Tage, im erweiterten Verfahren rund 100 Tage und im Dublin-Bereich noch 35 Tage. Vier von f\u00fcnf Asylgesuchen werden im beschleunigten Verfahren oder im Dublin-Verfahren behandelt. Die Asylsuchenden halten sich w\u00e4hrend dieser Zeit in einem Bundesasylzentrum auf. Nur bei einem F\u00fcnftel aller Gesuche ist ein erweitertes Verfahren n\u00f6tig. In diesen F\u00e4llen werden die Asylsuchenden einem Kanton zugewiesen.<\/p>\n<p><strong>Mehr freiwillige Ausreisen<\/strong><br \/>\nAsylsuchende, welche keinen Anspruch auf den Schutz unseres Landes haben, sollen die Schweiz wenn immer m\u00f6glich freiwillig verlassen. Im Rahmen der neuen Verfahren werden sie von einer Rechtsvertretung fr\u00fch \u00fcber ihre Perspektiven informiert und haben jederzeit Zugang zur R\u00fcckkehrberatung. Bei der R\u00fcckkehrhilfe gilt neu ein degressives System: Je fr\u00fcher sich jemand zur Ausreise entschliesst, desto h\u00f6her ist die Unterst\u00fctzung. Diese Massnahmen zeigen Wirkung. Die Zahl der freiwilligen Ausreisen ist im neuen System um rund ein Drittel gestiegen.<\/p>\n<p><strong>Rechtsschutz unabdingbar<\/strong><br \/>\nDer unentgeltliche Rechtsschutz w\u00e4hrend des gesamten Verfahrens bew\u00e4hrt sich auch hinsichtlich der Akzeptanz der Asylentscheide. Da die Asylsuchenden von ihren Rechtsvertreterinnen und -vertretern \u00fcber das Schweizerische Asylsystem und \u00fcber ihre Chancen informiert werden, sind viele von ihnen bereit, auch negative Entscheide des SEM zu akzeptieren. Im neuen System werden rund 33 Prozent der Entscheide vor Bundesverwaltungsgericht angefochten, im alten System betraf dies rund 31 Prozent der Asylentscheide.<\/p>\n<p><strong>Bestehende Herausforderungen<\/strong><br \/>\nDas SEM sieht sich bei der Anwendung des neuen Asylgesetzes auch mit Herausforderungen konfrontiert. Es ist eine anspruchsvolle Aufgabe, in allen Asylregionen gen\u00fcgend \u00c4rztinnen und \u00c4rzte zu finden, die innerhalb der knappen Fristen vertiefte medizinische Abkl\u00e4rungen vornehmen k\u00f6nnen. Das Gleiche gilt f\u00fcr die Dolmetscherdienste. Zudem arbeitet das SEM im IT-Bereich noch immer mit einer Reihe von Minimalstandards, ist aber daran, die definitiven L\u00f6sungen schrittweise aufzubauen. Bei der Zusammenarbeit mit den Rechtsvertreterinnen und -vertretern gilt es, die Abl\u00e4ufe und Prozesse weiter einzuspielen und zu optimieren.<\/p>\n<p><strong>Beschleunigte Verfahren in den Bundesasylzentren<\/strong><\/p>\n<p><strong>Um einen wesentlichen Teil der Verfahren in den Bundesasylzentren (BAZ) durchf\u00fchren und abschliessen zu k\u00f6nnen, wurde die Schweiz in sechs neue Asylregionen eingeteilt. In jeder Region betreibt das SEM ein BAZ mit Verfahrensfunktion und mindestens ein Zentrum ohne Verfahrensfunktion. In den Zentren mit Verfahrensfunktion halten sich die Asylsuchenden w\u00e4hrend des beschleunigten Verfahrens auf, das maximal 140 Tage dauert; in den Zentren ohne Verfahrensfunktion die Asylsuchenden mit einem negativen Asylentscheid und diejenigen, die gem\u00e4ss Dublin-Abkommen die Schweiz verlassen m\u00fcssen. Alle f\u00fcr das Verfahren verantwortliche Personen und Organisationen sind somit unter einem Dach vereint. Wenn es im Rahmen eines Verfahrens aufw\u00e4ndige Abkl\u00e4rungen und deshalb ein erweitertes Verfahren braucht, werden die Asylsuchenden den Kantonen zugewiesen.<\/strong><\/p>\n","protected":false},"excerpt":{"rendered":"<p>Eine erste Auswertung zeigt, dass das SEM seit der Inkraftsetzung des neuen Asylgesetzes im Durchschnitt nur noch 50 Tage braucht, um \u00fcber ein Asylgesuch entscheiden zu k\u00f6nnen<\/p>\n","protected":false},"author":4,"featured_media":352679,"comment_status":"open","ping_status":"open","sticky":false,"template":"","format":"standard","meta":{"footnotes":""},"categories":[24006,1140],"tags":[1633],"vendi":[],"content_country":[],"class_list":["post-352678","post","type-post","status-publish","format-standard","has-post-thumbnail","hentry","category-lajme-jeta-ne-zvicer-de","category-leben-in-der-schweiz","tag-zvicer-de"],"acf":[],"_links":{"self":[{"href":"https:\/\/www.albinfo.at\/de\/wp-json\/wp\/v2\/posts\/352678","targetHints":{"allow":["GET"]}}],"collection":[{"href":"https:\/\/www.albinfo.at\/de\/wp-json\/wp\/v2\/posts"}],"about":[{"href":"https:\/\/www.albinfo.at\/de\/wp-json\/wp\/v2\/types\/post"}],"author":[{"embeddable":true,"href":"https:\/\/www.albinfo.at\/de\/wp-json\/wp\/v2\/users\/4"}],"replies":[{"embeddable":true,"href":"https:\/\/www.albinfo.at\/de\/wp-json\/wp\/v2\/comments?post=352678"}],"version-history":[{"count":0,"href":"https:\/\/www.albinfo.at\/de\/wp-json\/wp\/v2\/posts\/352678\/revisions"}],"wp:featuredmedia":[{"embeddable":true,"href":"https:\/\/www.albinfo.at\/de\/wp-json\/wp\/v2\/media\/352679"}],"wp:attachment":[{"href":"https:\/\/www.albinfo.at\/de\/wp-json\/wp\/v2\/media?parent=352678"}],"wp:term":[{"taxonomy":"category","embeddable":true,"href":"https:\/\/www.albinfo.at\/de\/wp-json\/wp\/v2\/categories?post=352678"},{"taxonomy":"post_tag","embeddable":true,"href":"https:\/\/www.albinfo.at\/de\/wp-json\/wp\/v2\/tags?post=352678"},{"taxonomy":"vendi","embeddable":true,"href":"https:\/\/www.albinfo.at\/de\/wp-json\/wp\/v2\/vendi?post=352678"},{"taxonomy":"content_country","embeddable":true,"href":"https:\/\/www.albinfo.at\/de\/wp-json\/wp\/v2\/content_country?post=352678"}],"curies":[{"name":"wp","href":"https:\/\/api.w.org\/{rel}","templated":true}]}}