{"id":344929,"date":"2020-01-10T20:42:33","date_gmt":"2020-01-10T19:42:33","guid":{"rendered":"https:\/\/www.albinfo.ch\/?p=344929"},"modified":"2020-01-10T20:42:33","modified_gmt":"2020-01-10T19:42:33","slug":"world-economic-forum-2020-armee-im-einsatz","status":"publish","type":"post","link":"https:\/\/www.albinfo.at\/de\/world-economic-forum-2020-armee-im-einsatz\/","title":{"rendered":"World Economic Forum 2020: Armee im Einsatz"},"content":{"rendered":"<p>Der Einsatz der Armee zugunsten des Kantons Graub\u00fcnden f\u00fcr das 50. Jahrestreffen des World Economic Forums (WEF) 2020 in Davos hat begonnen. Unter der Einsatzverantwortung der zivilen Beh\u00f6rden des Kantons Graub\u00fcnden sind bereits etliche Armeeangeh\u00f6rige am Erstellen des Sicherheitsdispositivs. Die Luftwaffe hat die \u00dcberwachung des Luftraums verst\u00e4rkt: Radars, einsatzbereite Kampfjets und bodengest\u00fctzte Luftverteidigung sorgen f\u00fcr Sicherheit im Luftraum \u00fcber Davos.<\/p>\n<p>Um die Sicherheit der G\u00e4ste am World Economic Forum (WEF) zu gew\u00e4hrleisten, ist neben den Polizeikr\u00e4ften auch die Armee im Einsatz. Insbesondere f\u00fcr die Sicherheit im Luftraum \u2013 eine Bundesaufgabe \u2013 ist die Luftwaffe verantwortlich. Mit permanent patrouillierenden, bewaffneten Kampfjets (w\u00e4hrend den Konferenzzeiten), bodengest\u00fctzter Luftverteidigung, zus\u00e4tzlichen Radars, verst\u00e4rkter Luftraum\u00fcberwachung und Luftpolizeidienst rund um die Uhr (schweizweit) wird der Sicherheit im Luftraum Rechnung getragen.<\/p>\n<p><strong>\u00dcberwachungsfl\u00fcge und Lufttransporte<\/strong><br \/>\nDaneben f\u00fchrt die Luftwaffe auch \u00dcberwachungsfl\u00fcge und Lufttransporte zugunsten des Kantons Graub\u00fcnden durch. W\u00e4hrend des WEF 2020 wird der Flugverkehr vom 20. bis am 25. Januar der Flugverkehr im Raum Davos in einer Zone \u2013 Radius 25 nautische Meilen (ca. 46 km), mit Zentrum Davos \u2013 \u00fcber schweizerischem, \u00f6sterreichischem, liechtensteinischem und italienischem Hoheitsgebiet durchgehend eingeschr\u00e4nkt. Diese Einschr\u00e4nkung gilt auch f\u00fcr das Training am Freitagnachmittag, 17. Januar 2020, von 13.00 bis 17.00 Uhr. An- und Abfl\u00fcge zu den Regionalflugpl\u00e4tzen und Heliports richten sich nach besonderen Regeln und Verfahren, welche von der Luftwaffe in Zusammenarbeit mit dem Bundesamt f\u00fcr Zivilluftfahrt (BAZL) ausgearbeitet wurden. Alle Fl\u00fcge sind bewilligungspflichtig. Die Akkreditierung der Piloten sowie der Luftfahrzeuge sind Voraussetzung f\u00fcr die Bewilligung.<\/p>\n<p>Auch dieses Jahr k\u00f6nnen WEF-Besucher (VIP) direkt in D\u00fcbendorf landen und mit privaten Helikoptern oder auf dem Landweg nach Davos weiterreisen. Auf dem Milit\u00e4rflugplatz D\u00fcbendorf werden deshalb Personenkontrollen und Zollabfertigungen nach Schengen-Vorgaben durchgef\u00fchrt.<\/p>\n<p><strong>Armee f\u00fcr Sicherheit, Logistik und F\u00fchrungsunterst\u00fctzung im Einsatz<\/strong><br \/>\nAngeh\u00f6rige der Armee (AdA) haben die Arbeiten zugunsten des Kantons Graub\u00fcnden f\u00fcr das WEF-Jubil\u00e4ums-Jahrestreffen 2020 aufgenommen. Vorbereitungs- und Aufbauarbeiten im Bereich der Sicherheitsmassnahmen, der Logistik und der F\u00fchrungsunterst\u00fctzung sind in vollem Gange.<\/p>\n<p>Das Parlament hat f\u00fcr den WEF-Einsatz der Armee im Assistenzdienst vom 17. bis 27. Januar 2020 eine Obergrenze von 5&#8217;000 AdA festgelegt. In Davos selbst kommt w\u00e4hrend des Jahrestreffens nur ein Teil davon zum Einsatz. Der restliche Teil sch\u00fctzt Infrastruktureinrichtungen ausserhalb von Davos und erbringt Leistungen in den Bereichen Logistik sowie F\u00fchrungsunterst\u00fctzung. Die Truppe verf\u00fcgt zur Erf\u00fcllung ihrer Aufgaben w\u00e4hrend des Assistenzdienst-Einsatzes \u00fcber klare Einsatzregeln, welche von den zust\u00e4ndigen zivilen Beh\u00f6rden genehmigt wurden.<\/p>\n<p>Der Einsatz der Armee erfolgt nach dem Subsidiarit\u00e4tsprinzip \u2013 die Einsatzverantwortung liegt bei den zivilen Beh\u00f6rden des Kantons Graub\u00fcnden, ausser bei der Wahrung der Lufthoheit, einem origin\u00e4ren Auftrag der Luftwaffe. Gesamteinsatzleiter ist der Kommandant der Kantonspolizei Graub\u00fcnden, Oberst Walter Schlegel. Der Chef Kommando Operationen und Stellvertreter Chef der Armee, Korpskommandant Aldo C. Schellenberg, f\u00fchrt den Einsatz der am WEF eingesetzten Milit\u00e4rformationen.<\/p>\n","protected":false},"excerpt":{"rendered":"<p>Das Parlament hat f\u00fcr den WEF-Einsatz der Armee im Assistenzdienst vom 17. bis 27. Januar 2020 eine Obergrenze von 5&#8217;000 AdA festgelegt<\/p>\n","protected":false},"author":4,"featured_media":344922,"comment_status":"open","ping_status":"open","sticky":false,"template":"","format":"standard","meta":{"footnotes":""},"categories":[24006,1140],"tags":[],"vendi":[],"content_country":[],"class_list":["post-344929","post","type-post","status-publish","format-standard","has-post-thumbnail","hentry","category-lajme-jeta-ne-zvicer-de","category-leben-in-der-schweiz"],"acf":[],"_links":{"self":[{"href":"https:\/\/www.albinfo.at\/de\/wp-json\/wp\/v2\/posts\/344929","targetHints":{"allow":["GET"]}}],"collection":[{"href":"https:\/\/www.albinfo.at\/de\/wp-json\/wp\/v2\/posts"}],"about":[{"href":"https:\/\/www.albinfo.at\/de\/wp-json\/wp\/v2\/types\/post"}],"author":[{"embeddable":true,"href":"https:\/\/www.albinfo.at\/de\/wp-json\/wp\/v2\/users\/4"}],"replies":[{"embeddable":true,"href":"https:\/\/www.albinfo.at\/de\/wp-json\/wp\/v2\/comments?post=344929"}],"version-history":[{"count":0,"href":"https:\/\/www.albinfo.at\/de\/wp-json\/wp\/v2\/posts\/344929\/revisions"}],"wp:featuredmedia":[{"embeddable":true,"href":"https:\/\/www.albinfo.at\/de\/wp-json\/wp\/v2\/media\/344922"}],"wp:attachment":[{"href":"https:\/\/www.albinfo.at\/de\/wp-json\/wp\/v2\/media?parent=344929"}],"wp:term":[{"taxonomy":"category","embeddable":true,"href":"https:\/\/www.albinfo.at\/de\/wp-json\/wp\/v2\/categories?post=344929"},{"taxonomy":"post_tag","embeddable":true,"href":"https:\/\/www.albinfo.at\/de\/wp-json\/wp\/v2\/tags?post=344929"},{"taxonomy":"vendi","embeddable":true,"href":"https:\/\/www.albinfo.at\/de\/wp-json\/wp\/v2\/vendi?post=344929"},{"taxonomy":"content_country","embeddable":true,"href":"https:\/\/www.albinfo.at\/de\/wp-json\/wp\/v2\/content_country?post=344929"}],"curies":[{"name":"wp","href":"https:\/\/api.w.org\/{rel}","templated":true}]}}