{"id":332889,"date":"2019-11-29T13:33:32","date_gmt":"2019-11-29T12:33:32","guid":{"rendered":"https:\/\/www.albinfo.ch\/?p=332889"},"modified":"2019-11-29T13:34:09","modified_gmt":"2019-11-29T12:34:09","slug":"bundesrat-schlaegt-aufhebung-der-industriezoelle-vor","status":"publish","type":"post","link":"https:\/\/www.albinfo.at\/de\/bundesrat-schlaegt-aufhebung-der-industriezoelle-vor\/","title":{"rendered":"Bundesrat schl\u00e4gt Aufhebung der Industriez\u00f6lle vor"},"content":{"rendered":"<p>Der Bundesrat will mit der Aufhebung der Industriez\u00f6lle die wirtschaftlichen Rahmenbedingungen f\u00fcr Unternehmen verbessern und die Konsumentinnen und Konsumenten entlasten. Am 27. November 2019 hat er die Ergebnisse der Vernehmlassung zur Kenntnis genommen und die entsprechende Botschaft zuhanden des Parlaments verabschiedet. Die Aufhebung der Industriez\u00f6lle ist Teil des Massnahmenpakets gegen die Hochpreisinsel Schweiz.<\/p>\n<p>In der Vernehmlassung wurde die Aufhebung der Industriez\u00f6lle grossmehrheitlich vorbehaltslos begr\u00fcsst. Die finanzielle und administrative Entlastung f\u00fcr die Unternehmen wurde in den R\u00fcckmeldungen besonders positiv hervorgehoben.<\/p>\n<p>Mit der Aufhebung der Industriez\u00f6lle werden Unternehmen in der Schweiz von g\u00fcnstigeren Vorleistungen profitieren und ihre Produktionskosten senken k\u00f6nnen. Da die Schweizer Volkswirtschaft stark in die globalen Wertsch\u00f6pfungsketten eingebunden ist, st\u00e4rkt diese Massnahme ihre Wettbewerbsf\u00e4higkeit. Die Handelsbeziehungen werden insgesamt effizienter und der Wettbewerb wird gest\u00e4rkt. Die Aufhebung der Industriez\u00f6lle wird sich auch positiv auf Konsumenten und Konsumentinnen auswirken, da beim Import von diversen Gebrauchsg\u00fctern heute noch Z\u00f6lle bezahlt werden. Beispiele sind Autos, Fahrr\u00e4der, K\u00f6rperpflegeprodukte, Haushaltsger\u00e4te, Schuhe sowie Textilien und Kleider. Um sicherzustellen, dass die Gewinne an die Konsumentinnen und Konsumenten weitergegeben werden, wird ein Monitoring eingerichtet.<\/p>\n<p>Die Zolleinnnahmen auf Industrieg\u00fcter summierten sich 2018 auf 560 Mio. CHF (inkl. Automobil- und Mehrwertsteuer) und \u00fcber die letzten Jahre auf durchschnittlich gut 500 Mio. CHF. Dank der erwarteten positiven gesamtwirtschaftlichen Effekte der Massnahme in der H\u00f6he von rund 860 Mio. CHF und der damit verbundenen h\u00f6heren Wirtschafts- und Handelsaktivit\u00e4t wird ein Teil der Mindereinnahmen durch zus\u00e4tzliche Steuereinnahmen wieder wettgemacht. Die Aufhebung der Industriez\u00f6lle ist Teil des am 20. Dezember 2017 vom Bundesrat beschlossenen Massnahmenpakets \u00abImporterleichterungen\u00bb zur Reduktion ungerechtfertigter Handelshemmnisse, welche f\u00fcr die \u00abHochpreisinsel Schweiz\u00bb verantwortlich sind.<\/p>\n<p>Der Entscheid \u00fcber den Industriezollabbau liegt nun beim Parlament. Bei dessen Zustimmung werden die Industriez\u00f6lle per 1. Januar 2022 aufgehoben. Gleichzeitig soll auch der komplexe Zolltarif f\u00fcr Industrieprodukte vereinfacht werden.<\/p>\n<p>&nbsp;<\/p>\n","protected":false},"excerpt":{"rendered":"<p>Die Aufhebung der Industriez\u00f6lle ist Teil des Massnahmenpakets gegen die Hochpreisinsel Schweiz<\/p>\n","protected":false},"author":4,"featured_media":298717,"comment_status":"open","ping_status":"open","sticky":false,"template":"","format":"standard","meta":{"footnotes":""},"categories":[24006,1140],"tags":[1633],"vendi":[],"content_country":[],"class_list":["post-332889","post","type-post","status-publish","format-standard","has-post-thumbnail","hentry","category-lajme-jeta-ne-zvicer-de","category-leben-in-der-schweiz","tag-zvicer-de"],"acf":[],"_links":{"self":[{"href":"https:\/\/www.albinfo.at\/de\/wp-json\/wp\/v2\/posts\/332889","targetHints":{"allow":["GET"]}}],"collection":[{"href":"https:\/\/www.albinfo.at\/de\/wp-json\/wp\/v2\/posts"}],"about":[{"href":"https:\/\/www.albinfo.at\/de\/wp-json\/wp\/v2\/types\/post"}],"author":[{"embeddable":true,"href":"https:\/\/www.albinfo.at\/de\/wp-json\/wp\/v2\/users\/4"}],"replies":[{"embeddable":true,"href":"https:\/\/www.albinfo.at\/de\/wp-json\/wp\/v2\/comments?post=332889"}],"version-history":[{"count":0,"href":"https:\/\/www.albinfo.at\/de\/wp-json\/wp\/v2\/posts\/332889\/revisions"}],"wp:featuredmedia":[{"embeddable":true,"href":"https:\/\/www.albinfo.at\/de\/wp-json\/wp\/v2\/media\/298717"}],"wp:attachment":[{"href":"https:\/\/www.albinfo.at\/de\/wp-json\/wp\/v2\/media?parent=332889"}],"wp:term":[{"taxonomy":"category","embeddable":true,"href":"https:\/\/www.albinfo.at\/de\/wp-json\/wp\/v2\/categories?post=332889"},{"taxonomy":"post_tag","embeddable":true,"href":"https:\/\/www.albinfo.at\/de\/wp-json\/wp\/v2\/tags?post=332889"},{"taxonomy":"vendi","embeddable":true,"href":"https:\/\/www.albinfo.at\/de\/wp-json\/wp\/v2\/vendi?post=332889"},{"taxonomy":"content_country","embeddable":true,"href":"https:\/\/www.albinfo.at\/de\/wp-json\/wp\/v2\/content_country?post=332889"}],"curies":[{"name":"wp","href":"https:\/\/api.w.org\/{rel}","templated":true}]}}