{"id":331072,"date":"2019-11-25T11:37:03","date_gmt":"2019-11-25T10:37:03","guid":{"rendered":"https:\/\/www.albinfo.ch\/?p=331072"},"modified":"2019-11-25T11:37:03","modified_gmt":"2019-11-25T10:37:03","slug":"eidos21-heisst-die-naechste-ausstellung-des-hamburger-kuenstlers-shuk-orani","status":"publish","type":"post","link":"https:\/\/www.albinfo.at\/de\/eidos21-heisst-die-naechste-ausstellung-des-hamburger-kuenstlers-shuk-orani\/","title":{"rendered":"EIDOS21&#8243; hei\u00dft die n\u00e4chste Ausstellung des Hamburger K\u00fcnstlers Shuk Orani"},"content":{"rendered":"<p>Selbstkonzepte, die dem Lebensweg Form gegeben, werden von \u00e4u\u00dferen Entwicklungen mit dem F\u00e4cher verwischt.<\/p>\n<p>Der Pers\u00f6nlichkeit in st\u00e4ndiger Wandlung steht der Wille zur Eindeutigkeit im Weg.\u00a0 Von der musterreichen Mimikry anderer Lebewesen unterscheidet sich unser Auftritt vor uns selbst in seinem farblosen Streben nach Berechenbarkeit.<\/p>\n<p><a href=\"https:\/\/www.albinfo.ch\/wp-content\/uploads\/2019\/11\/shuk-orani-the_game-so_2014.png\"><img loading=\"lazy\" decoding=\"async\" class=\"alignnone wp-image-331076\" src=\"https:\/\/www.albinfo.ch\/wp-content\/uploads\/2019\/11\/shuk-orani-the_game-so_2014.png\" alt=\"\" width=\"590\" height=\"580\" srcset=\"https:\/\/www.albinfo.at\/wp-content\/uploads\/2019\/11\/shuk-orani-the_game-so_2014.png 910w, https:\/\/www.albinfo.at\/wp-content\/uploads\/2019\/11\/shuk-orani-the_game-so_2014-300x295.png 300w, https:\/\/www.albinfo.at\/wp-content\/uploads\/2019\/11\/shuk-orani-the_game-so_2014-768x754.png 768w, https:\/\/www.albinfo.at\/wp-content\/uploads\/2019\/11\/shuk-orani-the_game-so_2014-403x396.png 403w, https:\/\/www.albinfo.at\/wp-content\/uploads\/2019\/11\/shuk-orani-the_game-so_2014-102x100.png 102w, https:\/\/www.albinfo.at\/wp-content\/uploads\/2019\/11\/shuk-orani-the_game-so_2014-178x175.png 178w\" sizes=\"auto, (max-width: 590px) 100vw, 590px\" \/><\/a><\/p>\n<p>Doch Ideen verschiedenster Tonarten \u00fcben Anziehungskraft auf uns aus. Heute die, morgen eine andere.<\/p>\n<p>Werden wir unsicher? Wird dies ausgenutzt? Macht jemand damit Geld?<\/p>\n<p>Wenn auch unberechenbar, lohnt es sich im Laut der Welt, einfach aufzutauchen.<\/p>\n<p>In der neuen Ausstellung von Shuk Orani erscheinen menschliche Formen vervielfacht im Farbenspiel der Bildfl\u00e4che. Ihre Konturen graben sich aus den Malschichten heraus, wirken durchscheinend oder verdicken sich in formfolgenden Pinselstrichen entlang der Glieder.<\/p>\n<p>Seine K\u00f6rperbilder k\u00f6nnen nicht allein stehen, so der K\u00fcnstler, denn nur in ihren Doppel-und Dreifachdarstellungen werden sie dem st\u00e4ndigen Wandel ihrer Identit\u00e4t gerecht.<\/p>\n<p>(Der Text zur Ausstellung durch Julia Eckhard &#8211; M.A. History of Art)<\/p>\n<p>&nbsp;<\/p>\n","protected":false},"excerpt":{"rendered":"<p>&#8220;Mein Ich auf Reisen verlor sich fast im Laut der Welt.&#8221; (Regine Kress-Fricke)<\/p>\n","protected":false},"author":4,"featured_media":331073,"comment_status":"open","ping_status":"open","sticky":false,"template":"","format":"standard","meta":{"footnotes":""},"categories":[1138],"tags":[34658,34659],"vendi":[],"content_country":[],"class_list":["post-331072","post","type-post","status-publish","format-standard","has-post-thumbnail","hentry","category-kultur","tag-shuk-orani-de","tag-hamburg-de"],"acf":[],"_links":{"self":[{"href":"https:\/\/www.albinfo.at\/de\/wp-json\/wp\/v2\/posts\/331072","targetHints":{"allow":["GET"]}}],"collection":[{"href":"https:\/\/www.albinfo.at\/de\/wp-json\/wp\/v2\/posts"}],"about":[{"href":"https:\/\/www.albinfo.at\/de\/wp-json\/wp\/v2\/types\/post"}],"author":[{"embeddable":true,"href":"https:\/\/www.albinfo.at\/de\/wp-json\/wp\/v2\/users\/4"}],"replies":[{"embeddable":true,"href":"https:\/\/www.albinfo.at\/de\/wp-json\/wp\/v2\/comments?post=331072"}],"version-history":[{"count":0,"href":"https:\/\/www.albinfo.at\/de\/wp-json\/wp\/v2\/posts\/331072\/revisions"}],"wp:featuredmedia":[{"embeddable":true,"href":"https:\/\/www.albinfo.at\/de\/wp-json\/wp\/v2\/media\/331073"}],"wp:attachment":[{"href":"https:\/\/www.albinfo.at\/de\/wp-json\/wp\/v2\/media?parent=331072"}],"wp:term":[{"taxonomy":"category","embeddable":true,"href":"https:\/\/www.albinfo.at\/de\/wp-json\/wp\/v2\/categories?post=331072"},{"taxonomy":"post_tag","embeddable":true,"href":"https:\/\/www.albinfo.at\/de\/wp-json\/wp\/v2\/tags?post=331072"},{"taxonomy":"vendi","embeddable":true,"href":"https:\/\/www.albinfo.at\/de\/wp-json\/wp\/v2\/vendi?post=331072"},{"taxonomy":"content_country","embeddable":true,"href":"https:\/\/www.albinfo.at\/de\/wp-json\/wp\/v2\/content_country?post=331072"}],"curies":[{"name":"wp","href":"https:\/\/api.w.org\/{rel}","templated":true}]}}