{"id":323301,"date":"2019-10-29T13:24:46","date_gmt":"2019-10-29T12:24:46","guid":{"rendered":"https:\/\/www.albinfo.ch\/?p=323301"},"modified":"2020-05-25T18:13:02","modified_gmt":"2020-05-25T16:13:02","slug":"kosova-braucht-ihre-hilfe-um-den-tourismus-zu-entwickeln","status":"publish","type":"post","link":"https:\/\/www.albinfo.at\/de\/kosova-braucht-ihre-hilfe-um-den-tourismus-zu-entwickeln\/","title":{"rendered":"Kosova braucht Ihre Hilfe, um den Tourismus zu entwickeln!"},"content":{"rendered":"<p>Fragebogen f\u00fcr Diasporaangeh\u00f6rige, die Kosova besuchen:\u00a0Kosova braucht Ihre Hilfe, um den Tourismus zu entwickeln!<\/p>\n<p>Diese Umfrage ist <strong>nur f\u00fcr Kosovobesucher aus der Diaspora<\/strong> bestimmt. Das Ziel des Fragebogens ist, die wichtigsten Charakteristika, die Motive, die Zufriedenheit und das Interesse der Diasporaangeh\u00f6rigen, die Kosovo besuchen, zu erfassen und auszuwerten.<\/p>\n<p>Die Umfrage wird von der Eidgen\u00f6ssischen Direktion f\u00fcr Entwicklung und Zusammenarbeit in Kosova durch das Projekt Promoting Private Sector Employment (F\u00f6rderung der Besch\u00e4ftigung im privaten Sektor, <a href=\"http:\/\/www.ppse-kosovo.org\">www.ppse-kosovo.org<\/a>) unterst\u00fctzt. Wir stellen sicher, dass die Ergebnisse der Umfrage nur f\u00fcr statistische Analysen gebraucht und Ihre pers\u00f6nlichen Informationen nicht an Dritte bekanntgegeben werden.<\/p>\n<p>Vielen Dank im Voraus f\u00fcr Ihre Teilnahme an der Umfrage! <a href=\"https:\/\/forms.office.com\/Pages\/ResponsePage.aspx?id=DQSIkWdsW0yxEjajBLZtrQAAAAAAAAAAAAO__SMoRvtURFNOTUlMU1FQUVlBVVlFM1EzNjNLOFFCTS4u\">Link der Umfrage<\/a><\/p>\n<p>Wir danken Ihnen herzlich f\u00fcr die Teilnahme an der Umfrage. Wir w\u00fcnschen Ihnen einen angenehmen Tag, willkommen zur\u00fcck in Kosovo!<\/p>\n<p><a href=\"https:\/\/www.albinfo.ch\/wp-content\/uploads\/2019\/10\/ujvara-e-mirushes-3-1-587x391.jpg\"><img loading=\"lazy\" decoding=\"async\" class=\"alignnone size-full wp-image-323287\" src=\"https:\/\/www.albinfo.ch\/wp-content\/uploads\/2019\/10\/ujvara-e-mirushes-3-1-587x391.jpg\" alt=\"\" width=\"587\" height=\"391\" srcset=\"https:\/\/www.albinfo.at\/wp-content\/uploads\/2019\/10\/ujvara-e-mirushes-3-1-587x391.jpg 587w, https:\/\/www.albinfo.at\/wp-content\/uploads\/2019\/10\/ujvara-e-mirushes-3-1-587x391-300x200.jpg 300w, https:\/\/www.albinfo.at\/wp-content\/uploads\/2019\/10\/ujvara-e-mirushes-3-1-587x391-586x389.jpg 586w, https:\/\/www.albinfo.at\/wp-content\/uploads\/2019\/10\/ujvara-e-mirushes-3-1-587x391-210x141.jpg 210w, https:\/\/www.albinfo.at\/wp-content\/uploads\/2019\/10\/ujvara-e-mirushes-3-1-587x391-150x100.jpg 150w, https:\/\/www.albinfo.at\/wp-content\/uploads\/2019\/10\/ujvara-e-mirushes-3-1-587x391-263x175.jpg 263w\" sizes=\"auto, (max-width: 587px) 100vw, 587px\" \/><\/a><\/p>\n","protected":false},"excerpt":{"rendered":"<p>Fragebogen f\u00fcr Diasporaangeh\u00f6rige, die Kosova besuchen:\u00a0Kosova braucht Ihre Hilfe, um den Tourismus zu entwickeln! Diese Umfrage ist nur f\u00fcr Kosovobesucher aus der Diaspora bestimmt. Das Ziel des Fragebogens ist, die wichtigsten Charakteristika, die Motive, die Zufriedenheit und das Interesse der Diasporaangeh\u00f6rigen, die Kosovo besuchen, zu erfassen und auszuwerten. Die Umfrage wird von der Eidgen\u00f6ssischen Direktion [&hellip;]<\/p>\n","protected":false},"author":6,"featured_media":326098,"comment_status":"open","ping_status":"open","sticky":false,"template":"","format":"standard","meta":{"footnotes":""},"categories":[24656,1412],"tags":[],"vendi":[],"content_country":[],"class_list":["post-323301","post","type-post","status-publish","format-standard","has-post-thumbnail","hentry","category-tourismus","category-newsletter-de"],"acf":[],"_links":{"self":[{"href":"https:\/\/www.albinfo.at\/de\/wp-json\/wp\/v2\/posts\/323301","targetHints":{"allow":["GET"]}}],"collection":[{"href":"https:\/\/www.albinfo.at\/de\/wp-json\/wp\/v2\/posts"}],"about":[{"href":"https:\/\/www.albinfo.at\/de\/wp-json\/wp\/v2\/types\/post"}],"author":[{"embeddable":true,"href":"https:\/\/www.albinfo.at\/de\/wp-json\/wp\/v2\/users\/6"}],"replies":[{"embeddable":true,"href":"https:\/\/www.albinfo.at\/de\/wp-json\/wp\/v2\/comments?post=323301"}],"version-history":[{"count":0,"href":"https:\/\/www.albinfo.at\/de\/wp-json\/wp\/v2\/posts\/323301\/revisions"}],"wp:featuredmedia":[{"embeddable":true,"href":"https:\/\/www.albinfo.at\/de\/wp-json\/wp\/v2\/media\/326098"}],"wp:attachment":[{"href":"https:\/\/www.albinfo.at\/de\/wp-json\/wp\/v2\/media?parent=323301"}],"wp:term":[{"taxonomy":"category","embeddable":true,"href":"https:\/\/www.albinfo.at\/de\/wp-json\/wp\/v2\/categories?post=323301"},{"taxonomy":"post_tag","embeddable":true,"href":"https:\/\/www.albinfo.at\/de\/wp-json\/wp\/v2\/tags?post=323301"},{"taxonomy":"vendi","embeddable":true,"href":"https:\/\/www.albinfo.at\/de\/wp-json\/wp\/v2\/vendi?post=323301"},{"taxonomy":"content_country","embeddable":true,"href":"https:\/\/www.albinfo.at\/de\/wp-json\/wp\/v2\/content_country?post=323301"}],"curies":[{"name":"wp","href":"https:\/\/api.w.org\/{rel}","templated":true}]}}