{"id":321747,"date":"2019-10-24T08:00:15","date_gmt":"2019-10-24T06:00:15","guid":{"rendered":"https:\/\/www.albinfo.ch\/?p=321747"},"modified":"2019-10-24T00:06:58","modified_gmt":"2019-10-23T22:06:58","slug":"der-bundesrat-verbietet-das-schreddern-von-lebenden-kueken","status":"publish","type":"post","link":"https:\/\/www.albinfo.at\/de\/der-bundesrat-verbietet-das-schreddern-von-lebenden-kueken\/","title":{"rendered":"Der Bundesrat verbietet das Schreddern von lebenden K\u00fcken"},"content":{"rendered":"<p>Bis anhin war in der Schweiz das Homogenisieren, bzw. Schreddern von lebenden K\u00fcken erlaubt. Bei dieser T\u00f6tungsmethode wurden die m\u00e4nnlichen Tiere durch einen mechanischen Vorgang get\u00f6tet. Die Methode kam in den letzten Jahren jedoch nur noch in wenigen Br\u00fctereien und in Ausnahmef\u00e4llen zum Einsatz.<\/p>\n<p>Der Bundesrat wurde Anfang 2019 mittels einer Motion aufgefordert, diese Art der T\u00f6tung zu verbieten. Die Tierschutzverordnung wird entsprechend ge\u00e4ndert und tritt am 1. Januar 2020 in Kraft.<\/p>\n<p>F\u00fcr den Vollzug der Tierschutzverordnung sind in der Schweiz die kantonalen Veterin\u00e4rdienste zust\u00e4ndig. Sie werden im Rahmen ihrer Kontrollt\u00e4tigkeit sicherstellen, dass das Verbot in den betroffenen Betrieben eingehalten wird. Weiterhin erlaubt bleibt die T\u00f6tung mit CO2.<\/p>\n<p>Methode der Geschlechtsbestimmung steht vor dem Durchbruch<br \/>\nEine Alternative zu den bestehenden T\u00f6tungsmethoden bietet die sogenannte Methode der Geschlechtsbestimmung im Brutei. Mit dieser Methode ist es m\u00f6glich, sehr fr\u00fch nach der Befruchtung das Geschlecht der K\u00fcken zu bestimmen. So k\u00f6nnen die Bruteier von m\u00e4nnlichen Legek\u00fcken fr\u00fchzeitig eliminiert werden und m\u00e4nnliche Legek\u00fcken w\u00fcrden dadurch gar nicht mehr ausgebr\u00fctet. Momentan werden diese neuen Methoden noch nicht breit angewendet. Aber mehrere internationale Firmen und Universit\u00e4ten forschen und entwickeln in diesem Bereich unter Hochdruck eine kommerzielle Methode, was auch im Interesse der Schweiz ist.<\/p>\n","protected":false},"excerpt":{"rendered":"<p>Das Schreddern von lebenden K\u00fcken (\u00abHomogenisierung\u00bb) wird in der Schweiz verboten. Dies hat der Bundesrat in seiner Sitzung vom 23. Oktober 2019 entschieden. Das Verbot tritt am 1. Januar 2020 in Kraft. Die Tierschutzverordnung wird entsprechend angepasst.<\/p>\n","protected":false},"author":4,"featured_media":321605,"comment_status":"open","ping_status":"open","sticky":false,"template":"","format":"standard","meta":{"footnotes":""},"categories":[24006,1140],"tags":[1633],"vendi":[],"content_country":[],"class_list":["post-321747","post","type-post","status-publish","format-standard","has-post-thumbnail","hentry","category-lajme-jeta-ne-zvicer-de","category-leben-in-der-schweiz","tag-zvicer-de"],"acf":[],"_links":{"self":[{"href":"https:\/\/www.albinfo.at\/de\/wp-json\/wp\/v2\/posts\/321747","targetHints":{"allow":["GET"]}}],"collection":[{"href":"https:\/\/www.albinfo.at\/de\/wp-json\/wp\/v2\/posts"}],"about":[{"href":"https:\/\/www.albinfo.at\/de\/wp-json\/wp\/v2\/types\/post"}],"author":[{"embeddable":true,"href":"https:\/\/www.albinfo.at\/de\/wp-json\/wp\/v2\/users\/4"}],"replies":[{"embeddable":true,"href":"https:\/\/www.albinfo.at\/de\/wp-json\/wp\/v2\/comments?post=321747"}],"version-history":[{"count":0,"href":"https:\/\/www.albinfo.at\/de\/wp-json\/wp\/v2\/posts\/321747\/revisions"}],"wp:featuredmedia":[{"embeddable":true,"href":"https:\/\/www.albinfo.at\/de\/wp-json\/wp\/v2\/media\/321605"}],"wp:attachment":[{"href":"https:\/\/www.albinfo.at\/de\/wp-json\/wp\/v2\/media?parent=321747"}],"wp:term":[{"taxonomy":"category","embeddable":true,"href":"https:\/\/www.albinfo.at\/de\/wp-json\/wp\/v2\/categories?post=321747"},{"taxonomy":"post_tag","embeddable":true,"href":"https:\/\/www.albinfo.at\/de\/wp-json\/wp\/v2\/tags?post=321747"},{"taxonomy":"vendi","embeddable":true,"href":"https:\/\/www.albinfo.at\/de\/wp-json\/wp\/v2\/vendi?post=321747"},{"taxonomy":"content_country","embeddable":true,"href":"https:\/\/www.albinfo.at\/de\/wp-json\/wp\/v2\/content_country?post=321747"}],"curies":[{"name":"wp","href":"https:\/\/api.w.org\/{rel}","templated":true}]}}