{"id":319034,"date":"2019-10-14T17:55:01","date_gmt":"2019-10-14T15:55:01","guid":{"rendered":"https:\/\/www.albinfo.ch\/?p=319034"},"modified":"2019-10-14T17:56:36","modified_gmt":"2019-10-14T15:56:36","slug":"kf-dardania-sg-siegt-weiter","status":"publish","type":"post","link":"https:\/\/www.albinfo.at\/de\/kf-dardania-sg-siegt-weiter\/","title":{"rendered":"KF Dardania SG siegt weiter"},"content":{"rendered":"<p>KF Dardania SG ist auch nach dem 7. Spiel in Folge ohne Punkteverlust und f\u00fchrt die Tabelle der 3. Liga souver\u00e4n an.<\/p>\n<p>Doch der Sieg gegen den FC Appenzell war alles andere als klar. Der entscheidende Treffer zum Sieg fiel erst in allerletzter Minute im Spiel durch Diego Cassani, der wieder einmal das Ma\u00df aller Dinge bei Dardania war.<\/p>\n<p>Die G\u00e4ste nahmen sich viel vor, um beim aktuellen Tabellenf\u00fchrer Punkte zu entf\u00fchren und sie machten ihre Aufgabe gut. In der 22. Minute brachte Simon Baumann sich und seinen FC Appenzell mit 0:1 in F\u00fchrung.<\/p>\n<p>Doch die G\u00e4ste machten ihre Rechnung ohne Cassani, der nur drei Minuten sp\u00e4ter mit seinem Treffer zum 1:1 Ausgleich deren Freude sofort wieder tr\u00fcbte.<\/p>\n<p>Bis zur Pause schaffte es kein Team, weiter anzuschreiben und so blieb es beim 1:1 nach den ersten 45 Minuten.<\/p>\n<p>Nach Wiederanpfiff zur 2. Halbzeit erwischte diesmal der Gastgeber den besseren Start, als erneut Diego Cassani in der 53. Minute mit seinem zweiten Treffer im Spiel sein Team mit 2:1 in F\u00fchrung brachte.<\/p>\n<p>Doch die G\u00e4ste sind f\u00fcr ihren Kampfgeist bekannt und gaben sich keines falls auf. In der 73. Minute wurden sie dann daf\u00fcr belohnt, als Josef Peterer den 2:2 Ausgleichstreffer markierte.<\/p>\n<p>In der Schlussphase des Spiels rechneten dann alle wohl schon mit einer Punkteteilung, w\u00e4re da nicht erneut Cassani, der alle Anwesenden eines Besseren belehrte. In der dritten Minute der Nachspielzeit erzielte er mit seinem dritten Treffer im Spiel das entscheidende 3:2 und behielt so s\u00e4mtliche Punkte im eigenen Stadion.<\/p>\n<p>Ein knapper Sieg f\u00fcr Dardania gegen einen guten Gegner. Nach sieben Runden der laufenden Saison bleiben die St. Galler weiter unangefochtener Tabellenf\u00fchrer ohne Punkteverlust in 3. Liga. Der gr\u00f6sste Favorit f\u00fcr den Aufstieg in die 2. Liga regional d\u00fcrfte nun wohl allen klar sein.<\/p>\n","protected":false},"excerpt":{"rendered":"<p>KF Dardania SG ist auch nach dem 7. Spiel in Folge ohne Punkteverlust und f\u00fchrt die Tabelle der 3. Liga souver\u00e4n an. Doch der Sieg gegen den FC Appenzell war alles andere als klar. Der entscheidende Treffer zum Sieg fiel erst in allerletzter Minute im Spiel durch Diego Cassani, der wieder einmal das Ma\u00df aller [&hellip;]<\/p>\n","protected":false},"author":4,"featured_media":319039,"comment_status":"open","ping_status":"open","sticky":false,"template":"","format":"standard","meta":{"footnotes":""},"categories":[1139],"tags":[],"vendi":[],"content_country":[],"class_list":["post-319034","post","type-post","status-publish","format-standard","has-post-thumbnail","hentry","category-sport"],"acf":[],"_links":{"self":[{"href":"https:\/\/www.albinfo.at\/de\/wp-json\/wp\/v2\/posts\/319034","targetHints":{"allow":["GET"]}}],"collection":[{"href":"https:\/\/www.albinfo.at\/de\/wp-json\/wp\/v2\/posts"}],"about":[{"href":"https:\/\/www.albinfo.at\/de\/wp-json\/wp\/v2\/types\/post"}],"author":[{"embeddable":true,"href":"https:\/\/www.albinfo.at\/de\/wp-json\/wp\/v2\/users\/4"}],"replies":[{"embeddable":true,"href":"https:\/\/www.albinfo.at\/de\/wp-json\/wp\/v2\/comments?post=319034"}],"version-history":[{"count":0,"href":"https:\/\/www.albinfo.at\/de\/wp-json\/wp\/v2\/posts\/319034\/revisions"}],"wp:featuredmedia":[{"embeddable":true,"href":"https:\/\/www.albinfo.at\/de\/wp-json\/wp\/v2\/media\/319039"}],"wp:attachment":[{"href":"https:\/\/www.albinfo.at\/de\/wp-json\/wp\/v2\/media?parent=319034"}],"wp:term":[{"taxonomy":"category","embeddable":true,"href":"https:\/\/www.albinfo.at\/de\/wp-json\/wp\/v2\/categories?post=319034"},{"taxonomy":"post_tag","embeddable":true,"href":"https:\/\/www.albinfo.at\/de\/wp-json\/wp\/v2\/tags?post=319034"},{"taxonomy":"vendi","embeddable":true,"href":"https:\/\/www.albinfo.at\/de\/wp-json\/wp\/v2\/vendi?post=319034"},{"taxonomy":"content_country","embeddable":true,"href":"https:\/\/www.albinfo.at\/de\/wp-json\/wp\/v2\/content_country?post=319034"}],"curies":[{"name":"wp","href":"https:\/\/api.w.org\/{rel}","templated":true}]}}