{"id":312341,"date":"2019-09-22T08:50:34","date_gmt":"2019-09-22T06:50:34","guid":{"rendered":"https:\/\/www.albinfo.ch\/?p=312341"},"modified":"2019-09-22T01:00:52","modified_gmt":"2019-09-21T23:00:52","slug":"auslaenderausweise-im-kreditkartenformat-gestaffelte-einfuehrung-ab-november-2019","status":"publish","type":"post","link":"https:\/\/www.albinfo.at\/de\/auslaenderausweise-im-kreditkartenformat-gestaffelte-einfuehrung-ab-november-2019\/","title":{"rendered":"Ausl\u00e4nderausweise im Kreditkartenformat \u2013 gestaffelte Einf\u00fchrung ab November 2019"},"content":{"rendered":"<p>Die heute ausgestellten Ausl\u00e4nderausweise in Papierform sind nicht mehr zeitgem\u00e4ss und werden bis Mitte 2021 nach und nach durch solche im Kreditkartenformat abgel\u00f6st. Die neuen Ausweise sind f\u00e4lschungssicherer, handlicher und moderner. Sie enthalten aber keine biometrischen Daten (Datenchip). Die Umstellung betrifft rund 1,8 Millionen Ausl\u00e4nderausweise.<\/p>\n<p>Betroffen sind folgende Ausweis-Kategorien f\u00fcr Ausl\u00e4nderinnen und Ausl\u00e4nder in der Schweiz:<\/p>\n<ul>\n<li>EU\/EFTA-B\u00fcrgerinnen und B\u00fcrger (L-, B- und C-Ausweis),<\/li>\n<li>Grenzg\u00e4ngerinnen und Grenzg\u00e4nger, unabh\u00e4ngig von ihrer Staatsangeh\u00f6rigkeit (G-Ausweis),<\/li>\n<li>Familienmitglieder von Diplomatinnen und Diplomaten, die in der Schweiz einer Erwerbst\u00e4tigkeit nachgehen (Ci-Ausweis),<\/li>\n<li>Asylsuchende w\u00e4hrend des Asylverfahrens (N-Ausweis),<\/li>\n<li>Vorl\u00e4ufig Aufgenommene (F-Ausweis).<\/li>\n<\/ul>\n<h3><strong>Vernehmlassungsergebnisse positiv<\/strong><\/h3>\n<p>Zwischen dem 14. Dezember 2018 und dem 1. April 2019 wurde zur Abl\u00f6sung der Ausl\u00e4nderausweise eine Vernehmlassung durchgef\u00fchrt. Die grosse Mehrheit der Vernehmlassungsteilnehmenden stimmte dem Vorhaben zu. Einzelne kritische Voten betrafen die Geb\u00fchren f\u00fcr die Datenerfassung, die Aufbewahrungsdauer der eingegebenen Daten sowie die finanziellen Folgen f\u00fcr die Kantone. Die W\u00fcnsche der Kantone werden soweit m\u00f6glich ber\u00fccksichtigt, indem zum Beispiel die kantonalen H\u00f6chstgeb\u00fchren des Ausl\u00e4nder- und Integrationsgesetzes (AIG) leicht angepasst werden.<\/p>\n<p>Zudem werden nach der Vernehmlassung neu Sanktionen f\u00fcr den Fall einer Verletzung der Meldepflicht von Grenzg\u00e4ngerinnen und Grenzg\u00e4nger bei einem Arbeitgeberwechsel in die Verordnung aufgenommen.<\/p>\n<p>Die Umstellung erfolgt gestaffelt nach Kanton zwischen dem 1. November 2019 und dem 30. Juni 2021. Ab dem 1. Juli 2021 werden in allen Kantonen nur noch Ausweise im Kreditkartenformat ausgestellt.<\/p>\n","protected":false},"excerpt":{"rendered":"<p>Die heutigen Ausl\u00e4nderausweise in Papierform werden ab dem 1. November 2019 schrittweise durch Ausweise im Kreditkartenformat ersetzt. In der Vernehmlassung sind keine wesentlichen Kritikpunkte ge\u00e4ussert worden. Der Bundesrat hat an seiner Sitzung vom 20. September 2019 die entsprechenden Verordnungs\u00e4nderungen verabschiedet<\/p>\n","protected":false},"author":4,"featured_media":311946,"comment_status":"open","ping_status":"open","sticky":false,"template":"","format":"standard","meta":{"footnotes":""},"categories":[24006,1140],"tags":[1633],"vendi":[],"content_country":[],"class_list":["post-312341","post","type-post","status-publish","format-standard","has-post-thumbnail","hentry","category-lajme-jeta-ne-zvicer-de","category-leben-in-der-schweiz","tag-zvicer-de"],"acf":[],"_links":{"self":[{"href":"https:\/\/www.albinfo.at\/de\/wp-json\/wp\/v2\/posts\/312341","targetHints":{"allow":["GET"]}}],"collection":[{"href":"https:\/\/www.albinfo.at\/de\/wp-json\/wp\/v2\/posts"}],"about":[{"href":"https:\/\/www.albinfo.at\/de\/wp-json\/wp\/v2\/types\/post"}],"author":[{"embeddable":true,"href":"https:\/\/www.albinfo.at\/de\/wp-json\/wp\/v2\/users\/4"}],"replies":[{"embeddable":true,"href":"https:\/\/www.albinfo.at\/de\/wp-json\/wp\/v2\/comments?post=312341"}],"version-history":[{"count":0,"href":"https:\/\/www.albinfo.at\/de\/wp-json\/wp\/v2\/posts\/312341\/revisions"}],"wp:featuredmedia":[{"embeddable":true,"href":"https:\/\/www.albinfo.at\/de\/wp-json\/wp\/v2\/media\/311946"}],"wp:attachment":[{"href":"https:\/\/www.albinfo.at\/de\/wp-json\/wp\/v2\/media?parent=312341"}],"wp:term":[{"taxonomy":"category","embeddable":true,"href":"https:\/\/www.albinfo.at\/de\/wp-json\/wp\/v2\/categories?post=312341"},{"taxonomy":"post_tag","embeddable":true,"href":"https:\/\/www.albinfo.at\/de\/wp-json\/wp\/v2\/tags?post=312341"},{"taxonomy":"vendi","embeddable":true,"href":"https:\/\/www.albinfo.at\/de\/wp-json\/wp\/v2\/vendi?post=312341"},{"taxonomy":"content_country","embeddable":true,"href":"https:\/\/www.albinfo.at\/de\/wp-json\/wp\/v2\/content_country?post=312341"}],"curies":[{"name":"wp","href":"https:\/\/api.w.org\/{rel}","templated":true}]}}