{"id":290690,"date":"2019-07-08T16:17:55","date_gmt":"2019-07-08T14:17:55","guid":{"rendered":"https:\/\/www.albinfo.ch\/?p=290690"},"modified":"2019-07-08T16:17:55","modified_gmt":"2019-07-08T14:17:55","slug":"enge-dynamische-beziehungen-zwischen-der-schweiz-und-kroatien","status":"publish","type":"post","link":"https:\/\/www.albinfo.at\/de\/enge-dynamische-beziehungen-zwischen-der-schweiz-und-kroatien\/","title":{"rendered":"Enge, dynamische Beziehungen zwischen der Schweiz und Kroatien"},"content":{"rendered":"<p><strong>Die kroatische Pr\u00e4sidentin Kolinda Grabar-Kitarovi\u0107 hat der Schweiz am Montag, 8. Juli 2019, einen offiziellen Besuch abgestattet. Die guten Beziehungen beider L\u00e4nder zeichnen sich unter anderem dadurch aus, dass rund 30&#8217;000 kroatische Staatsangeh\u00f6rige in der Schweiz leben und j\u00e4hrlich 300&#8217;000 Schweizer Touristinnen und Touristen Kroatien besuchen. Kroatien ist zudem der zweitwichtigste Handelspartner der Schweiz in S\u00fcdosteuropa; das bilaterale Handelsvolumen erreichte vergangenes Jahr ein Allzeithoch. Der Besuch von Pr\u00e4sidentin Grabar-Kitarovi\u0107 erfolgte vor der erstmaligen \u00dcbernahme der EU-Ratspr\u00e4sidentschaft durch Kroatien.<\/strong><\/p>\n<p>Bundespr\u00e4sident Ueli Maurer und die kroatische Pr\u00e4sidentin w\u00fcrdigten die bilateralen Beziehungen, die in den vergangenen Jahren auch von der Zusammenarbeit im Rahmen des schweizerischen Erweiterungsbeitrags profitieren konnten. Von den zw\u00f6lf Projekten ist eines abgeschlossen, die restlichen werden bis Ende 2024 fertig gestellt. Schwerpunktthemen sind Trink- und Abwasserinfrastruktur sowie die Berufsbildung und die Forschungszusammenarbeit.<\/p>\n<p>Bundespr\u00e4sident Maurer erl\u00e4uterte den Stand der Beziehungen der Schweiz zur Europ\u00e4ischen Union und bekr\u00e4ftigte das Ziel des Bundesrates, eine L\u00f6sung der offenen Punkte zu finden und das institutionelle Rahmenabkommen in der Folge abzuschliessen. Zur Sprache kamen auch die Pl\u00e4ne der kroatischen EU-Ratspr\u00e4sidentschaft im ersten Semester 2020. Die Schweiz begr\u00fcsst das Engagement Kroatiens zugunsten einer Integration weiterer Balkanstaaten in die EU, da die Beitrittsperspektive zur Stabilit\u00e4t auf dem Westbalkan beitragen kann.<\/p>\n<p>Ein weiteres Thema war das am 1. Januar 2017 in Kraft getretene Protokoll III zur Ausdehnung des Freiz\u00fcgigkeitsabkommens (FZA) auf Kroatien. Bundespr\u00e4sident Maurer hielt fest, dass die Anwendung des Protokolls III im Allgemeinen reibungslos verl\u00e4uft. Dabei erl\u00e4uterte er die vom Bundesrat im Dezember 2018 beschlossene Verl\u00e4ngerung der \u00dcbergangsbestimmungen. Diese erm\u00f6glichen in den kommenden Jahren eine schrittweise \u00d6ffnung des Zugangs zum Arbeitsmarkt zwischen den beiden L\u00e4ndern.<\/p>\n<p>Bei den internationalen Themen stand unter anderem ein Austausch \u00fcber die Lage auf dem Westbalkan auf der Agenda. Pr\u00e4sidentin Grabar-Kitarovi\u0107 erl\u00e4uterte zudem die von Kroatien mitinitiierte Drei-Meeres-Initiative, die zw\u00f6lf mitteleurop\u00e4ische L\u00e4nder zwischen Adria, Schwarzem Meer und Ostsee verbindet und eine engere Zusammenarbeit bei Wirtschaft, Energie, Transport und Kommunikation zum Ziel hat.<\/p>\n<p>Den Abschluss des offiziellen Besuchs von Pr\u00e4sidentin Grabar-Kitarovi\u0107 bildete gem\u00e4ss Programm ein Austausch mit Nationalratspr\u00e4sidentin Marina Carobbio Guscetti im Parlament.<\/p>\n","protected":false},"excerpt":{"rendered":"<p>Der Besuch von Pr\u00e4sidentin Grabar-Kitarovi\u0107 erfolgte vor der erstmaligen \u00dcbernahme der EU-Ratspr\u00e4sidentschaft durch Kroatien<\/p>\n","protected":false},"author":4,"featured_media":290687,"comment_status":"open","ping_status":"open","sticky":false,"template":"","format":"standard","meta":{"footnotes":""},"categories":[24006,1140,1506],"tags":[1633],"vendi":[],"content_country":[],"class_list":["post-290690","post","type-post","status-publish","format-standard","has-post-thumbnail","hentry","category-lajme-jeta-ne-zvicer-de","category-leben-in-der-schweiz","category-uncategorized-de","tag-zvicer-de"],"acf":[],"_links":{"self":[{"href":"https:\/\/www.albinfo.at\/de\/wp-json\/wp\/v2\/posts\/290690","targetHints":{"allow":["GET"]}}],"collection":[{"href":"https:\/\/www.albinfo.at\/de\/wp-json\/wp\/v2\/posts"}],"about":[{"href":"https:\/\/www.albinfo.at\/de\/wp-json\/wp\/v2\/types\/post"}],"author":[{"embeddable":true,"href":"https:\/\/www.albinfo.at\/de\/wp-json\/wp\/v2\/users\/4"}],"replies":[{"embeddable":true,"href":"https:\/\/www.albinfo.at\/de\/wp-json\/wp\/v2\/comments?post=290690"}],"version-history":[{"count":0,"href":"https:\/\/www.albinfo.at\/de\/wp-json\/wp\/v2\/posts\/290690\/revisions"}],"wp:featuredmedia":[{"embeddable":true,"href":"https:\/\/www.albinfo.at\/de\/wp-json\/wp\/v2\/media\/290687"}],"wp:attachment":[{"href":"https:\/\/www.albinfo.at\/de\/wp-json\/wp\/v2\/media?parent=290690"}],"wp:term":[{"taxonomy":"category","embeddable":true,"href":"https:\/\/www.albinfo.at\/de\/wp-json\/wp\/v2\/categories?post=290690"},{"taxonomy":"post_tag","embeddable":true,"href":"https:\/\/www.albinfo.at\/de\/wp-json\/wp\/v2\/tags?post=290690"},{"taxonomy":"vendi","embeddable":true,"href":"https:\/\/www.albinfo.at\/de\/wp-json\/wp\/v2\/vendi?post=290690"},{"taxonomy":"content_country","embeddable":true,"href":"https:\/\/www.albinfo.at\/de\/wp-json\/wp\/v2\/content_country?post=290690"}],"curies":[{"name":"wp","href":"https:\/\/api.w.org\/{rel}","templated":true}]}}