{"id":256295,"date":"2019-03-09T14:07:25","date_gmt":"2019-03-09T13:07:25","guid":{"rendered":"https:\/\/www.albinfo.ch\/?p=256295"},"modified":"2019-03-09T14:08:43","modified_gmt":"2019-03-09T13:08:43","slug":"die-bundesraetinnen-empfangen-engagierte-junge-frauen","status":"publish","type":"post","link":"https:\/\/www.albinfo.at\/de\/die-bundesraetinnen-empfangen-engagierte-junge-frauen\/","title":{"rendered":"Die Bundesr\u00e4tinnen empfangen engagierte junge Frauen"},"content":{"rendered":"<p>30 junge Frauen aus der Schweiz sind am heutigen internationalen Frauentag auf Einladung der drei amtierenden Bundesr\u00e4tinnen nach Bern gereist. Im Bundeshaus haben sie Vizepr\u00e4sidentin Simonetta Sommaruga (UVEK), Bundesr\u00e4tin Viola Amherd (VBS) und Bundesr\u00e4tin Karin Keller-Sutter (EJPD) zu einem angeregten Austausch getroffen.<\/p>\n<p>Nach wie vor besetzen Frauen in der Schweiz weniger einflussreiche Positionen als M\u00e4nner, sei es im Bereich der Wirtschaft oder auch im Bereich der Wissenschaft. Auch in der Politik sind die Frauen untervertreten. Dies, obschon Politik das Leben aller mitbestimmt, im Privaten genauso wie im Beruf und in der Ausbildung. In einem pers\u00f6nlichen Austausch mit 30 jungen Frauen aus Bildungsinstitutionen in Porrentruy, Chur und Luzern haben die Bundesr\u00e4tinnen auf diesen Umstand hingewiesen und mit ihnen ihre Erfahrungen als Politikerinnen geteilt.<\/p>\n<p>Die drei Bundesr\u00e4tinnen sind beeindruckt von der Eigeninitiative, dem Interesse und dem Engagement der jungen Frauen. Sie werten es als positives Signal f\u00fcr das Jahr 2019, in dem mit den eidgen\u00f6ssischen Wahlen die Weichen f\u00fcr eine st\u00e4rkere Mitbestimmung der Frauen gestellt werden k\u00f6nnen.<\/p>\n","protected":false},"excerpt":{"rendered":"<p>Im Bundeshaus haben sie Vizepr\u00e4sidentin Simonetta Sommaruga (UVEK), Bundesr\u00e4tin Viola Amherd (VBS) und Bundesr\u00e4tin Karin Keller-Sutter (EJPD) zu einem angeregten Austausch getroffen.<\/p>\n","protected":false},"author":4,"featured_media":256292,"comment_status":"open","ping_status":"open","sticky":false,"template":"","format":"standard","meta":{"footnotes":""},"categories":[1188,1140],"tags":[1624],"vendi":[],"content_country":[],"class_list":["post-256295","post","type-post","status-publish","format-standard","has-post-thumbnail","hentry","category-shkurt-ch-de","category-leben-in-der-schweiz","tag-pritje-de"],"acf":[],"_links":{"self":[{"href":"https:\/\/www.albinfo.at\/de\/wp-json\/wp\/v2\/posts\/256295","targetHints":{"allow":["GET"]}}],"collection":[{"href":"https:\/\/www.albinfo.at\/de\/wp-json\/wp\/v2\/posts"}],"about":[{"href":"https:\/\/www.albinfo.at\/de\/wp-json\/wp\/v2\/types\/post"}],"author":[{"embeddable":true,"href":"https:\/\/www.albinfo.at\/de\/wp-json\/wp\/v2\/users\/4"}],"replies":[{"embeddable":true,"href":"https:\/\/www.albinfo.at\/de\/wp-json\/wp\/v2\/comments?post=256295"}],"version-history":[{"count":0,"href":"https:\/\/www.albinfo.at\/de\/wp-json\/wp\/v2\/posts\/256295\/revisions"}],"wp:featuredmedia":[{"embeddable":true,"href":"https:\/\/www.albinfo.at\/de\/wp-json\/wp\/v2\/media\/256292"}],"wp:attachment":[{"href":"https:\/\/www.albinfo.at\/de\/wp-json\/wp\/v2\/media?parent=256295"}],"wp:term":[{"taxonomy":"category","embeddable":true,"href":"https:\/\/www.albinfo.at\/de\/wp-json\/wp\/v2\/categories?post=256295"},{"taxonomy":"post_tag","embeddable":true,"href":"https:\/\/www.albinfo.at\/de\/wp-json\/wp\/v2\/tags?post=256295"},{"taxonomy":"vendi","embeddable":true,"href":"https:\/\/www.albinfo.at\/de\/wp-json\/wp\/v2\/vendi?post=256295"},{"taxonomy":"content_country","embeddable":true,"href":"https:\/\/www.albinfo.at\/de\/wp-json\/wp\/v2\/content_country?post=256295"}],"curies":[{"name":"wp","href":"https:\/\/api.w.org\/{rel}","templated":true}]}}