{"id":246763,"date":"2019-01-30T14:40:22","date_gmt":"2019-01-30T13:40:22","guid":{"rendered":"https:\/\/www.albinfo.ch\/grupet-e-minoriteteve-ne-zvicer-do-perfitojne-mbrojtje\/"},"modified":"2019-01-31T00:37:58","modified_gmt":"2019-01-30T23:37:58","slug":"grupet-e-minoriteteve-ne-zvicer-do-perfitojne-mbrojtje","status":"publish","type":"post","link":"https:\/\/www.albinfo.at\/de\/grupet-e-minoriteteve-ne-zvicer-do-perfitojne-mbrojtje\/","title":{"rendered":"Besonders gef\u00e4hrdete Minderheiten: Bund beteiligt sich an Kosten f\u00fcr den Schutz"},"content":{"rendered":"<p class=\"mod mod-nsbnewsdetails\">Der Bundesrat will sich j\u00e4hrlich mit bis zu 500\u2019000 Franken an den Sicherheitskosten f\u00fcr Minderheiten beteiligen, die besonders gef\u00e4hrdet sind, zum Ziel von Terrorismus oder gewaltt\u00e4tigem Extremismus zu werden. Der Bundesrat hat an seiner Sitzung vom 30. Januar 2019 die entsprechende Verordnung in die Vernehmlassung geschickt.<\/p>\n<div class=\"mod mod-nsbnewsdetails\">\n<p>Der Sicherheitsverbund Schweiz (SVS) hat in seinem Konzept vom 17. April 2018 empfohlen, die Zusammenarbeit zwischen dem Nachrichtendienst des Bundes (NDB), den Polizeikr\u00e4ften und den gef\u00e4hrdeten Minderheiten zu intensivieren. Dazu geh\u00f6ren in erster Linie j\u00fcdische und muslimische Gemeinschaften. Bei der Erarbeitung des Konzepts des SVS wurde gleichzeitig beschlossen, dass der Bund Schutzmassnahmen f\u00fcr diese besonders gef\u00e4hrdeten Minderheiten j\u00e4hrlich mit bis zu 500&#8217;000 Franken unterst\u00fctzen soll.<\/p>\n<p><strong>Unterst\u00fctzung f\u00fcr verschiedene Minderheiten<\/strong><\/p>\n<p>Der Bundesrat hat die entsprechende Verordnung nun in die Vernehmlassung geschickt. Die Verordnung sieht vor, dass sich der Bund an den Kosten f\u00fcr bauliche und technische Massnahmen zur Verhinderung von Straftaten beteiligen kann. Dazu z\u00e4hlen etwa Z\u00e4une, Mauern oder Eingangssicherungen bzw. \u00dcberwachungskameras oder Alarmanlagen. Zudem kann der Bund auch die Ausbildung in den Bereichen Risikoerkennung und Bedrohungsabwehr finanziell unterst\u00fctzen. Ebenfalls m\u00f6glich sind finanzielle Hilfen f\u00fcr die Sensibilisierung oder die Information breiter Bev\u00f6lkerungskreise.<\/p>\n<p>Mit der Verordnung k\u00f6nnen neben religi\u00f6sen Gemeinschaften zum Beispiel auch Fahrende (Jenische, Roma und Sinti) sowie Gruppierungen unterst\u00fctzt werden, die aufgrund ihrer sexuellen Orientierung einer Minderheit angeh\u00f6ren (Homosexuelle, Bisexuelle, Transsexuelle und Intersexuelle). Bedingung ist, dass die betreffenden Gruppierungen eine gefestigte Bindung zur Schweiz und ihren Werten haben.<\/p>\n<p>Nicht m\u00f6glich ist hingegen eine finanzielle Beteiligung des Bundes an die Kosten von Sicherheitspersonal. Gesuche um Finanzhilfen des Bundes werden vom Bundesamt f\u00fcr Polizei (fedpol) gepr\u00fcft, das beim NDB eine Beurteilung der besonderen Gef\u00e4hrdung einholt.<\/p>\n<p>Die Vernehmlassung zur Verordnung \u00fcber Massnahmen zur Gew\u00e4hrleistung der Sicherheit von Minderheiten mit besonderen Schutzbed\u00fcrfnissen (VSMS) dauert bis zum 7. Mai 2019.<\/p>\n<\/div>\n","protected":false},"excerpt":{"rendered":"<p>Der Bundesrat will sich j\u00e4hrlich mit bis zu 500\u2019000 Franken an den Sicherheitskosten f\u00fcr Minderheiten beteiligen, die besonders gef\u00e4hrdet sind, zum Ziel von Terrorismus oder gewaltt\u00e4tigem Extremismus zu werden. Der Bundesrat hat an seiner Sitzung vom 30. Januar 2019 die entsprechende Verordnung in die Vernehmlassung geschickt. Der Sicherheitsverbund Schweiz (SVS) hat in seinem Konzept vom [&hellip;]<\/p>\n","protected":false},"author":19,"featured_media":228130,"comment_status":"open","ping_status":"open","sticky":false,"template":"","format":"standard","meta":{"footnotes":""},"categories":[1188,1140],"tags":[1633,11266,11267],"vendi":[],"content_country":[],"class_list":["post-246763","post","type-post","status-publish","format-standard","has-post-thumbnail","hentry","category-shkurt-ch-de","category-leben-in-der-schweiz","tag-zvicer-de","tag-mbrojtje-de","tag-minoritete-de"],"acf":[],"_links":{"self":[{"href":"https:\/\/www.albinfo.at\/de\/wp-json\/wp\/v2\/posts\/246763","targetHints":{"allow":["GET"]}}],"collection":[{"href":"https:\/\/www.albinfo.at\/de\/wp-json\/wp\/v2\/posts"}],"about":[{"href":"https:\/\/www.albinfo.at\/de\/wp-json\/wp\/v2\/types\/post"}],"author":[{"embeddable":true,"href":"https:\/\/www.albinfo.at\/de\/wp-json\/wp\/v2\/users\/19"}],"replies":[{"embeddable":true,"href":"https:\/\/www.albinfo.at\/de\/wp-json\/wp\/v2\/comments?post=246763"}],"version-history":[{"count":0,"href":"https:\/\/www.albinfo.at\/de\/wp-json\/wp\/v2\/posts\/246763\/revisions"}],"wp:featuredmedia":[{"embeddable":true,"href":"https:\/\/www.albinfo.at\/de\/wp-json\/wp\/v2\/media\/228130"}],"wp:attachment":[{"href":"https:\/\/www.albinfo.at\/de\/wp-json\/wp\/v2\/media?parent=246763"}],"wp:term":[{"taxonomy":"category","embeddable":true,"href":"https:\/\/www.albinfo.at\/de\/wp-json\/wp\/v2\/categories?post=246763"},{"taxonomy":"post_tag","embeddable":true,"href":"https:\/\/www.albinfo.at\/de\/wp-json\/wp\/v2\/tags?post=246763"},{"taxonomy":"vendi","embeddable":true,"href":"https:\/\/www.albinfo.at\/de\/wp-json\/wp\/v2\/vendi?post=246763"},{"taxonomy":"content_country","embeddable":true,"href":"https:\/\/www.albinfo.at\/de\/wp-json\/wp\/v2\/content_country?post=246763"}],"curies":[{"name":"wp","href":"https:\/\/api.w.org\/{rel}","templated":true}]}}