{"id":211576,"date":"2018-08-14T13:30:32","date_gmt":"2018-08-14T11:30:32","guid":{"rendered":"http:\/\/www.albinfo.ch\/grate-shqiptare-ne-politiken-zvicerane-portret-i-rixhil-agushit-2\/"},"modified":"2018-08-14T13:49:26","modified_gmt":"2018-08-14T11:49:26","slug":"grate-shqiptare-ne-politiken-zvicerane-portret-i-rixhil-agushit-2","status":"publish","type":"post","link":"https:\/\/www.albinfo.at\/de\/grate-shqiptare-ne-politiken-zvicerane-portret-i-rixhil-agushit-2\/","title":{"rendered":"Albanische Frauen in der Schweizer Politik \u2013 Rixhil Agushi im Portr\u00e4t"},"content":{"rendered":"<p>\u201eWieso ich in die Politik bin? Weil ich mich f\u00fcr Minderheiten einsetzen und Vorurteile abbauen m\u00f6chte\u201c, erz\u00e4hlt Rixhil Agushi im Interview mit Albinfo.ch. 2009 ist sie deshalb der SP in Schlieren beigetreten, wo sie seit ihrem zweiten Lebensjahr zuhause ist. Zwei Jahre nach ihrem Polit-Deb\u00fct r\u00fcckte sie als Ersatz eines ausgetretenen Parteikollegen ins Schlierer Gemeindeparlament nach. Im Jahr 2014 wurde sie zum ersten Mal gew\u00e4hlt, im Februar 2018 bereits f\u00fcr die zweite Legislatur.<\/p>\n<p>\u201eOb die Albanische Gemeinschaft bei meiner Wahl eine grosse Rolle gespielt hat, weiss ich nicht.\u201c Ihr Rezept f\u00fcr eine erfolgreiche Wahl ist der direkte Kontakt zu den Menschen, egal welcher Herkunft. Sicher ist sie sich aber, dass sie aufgrund ihres Engagements als Vermittlerin zwischen Christen und Muslimen die Stimmen von vielen Anh\u00e4ngerinnen und Anh\u00e4ngern der Evangelischen Volkspartei bekommen hat. \u201eEs kommt jedoch vor, dass einige Leute aus Prinzip meinen ausl\u00e4ndischen Namen von der Liste streichen.\u201c Dies sei ihr aus verschieden Kreisen zu Ohren gekommen.<\/p>\n<p><strong>Willensstarke Lokalpolitikerin<\/strong><\/p>\n<p>Eines ihrer gr\u00f6ssten Anliegen besteht darin, einen muslimischen Friedhof in ihrer Gemeinde zu schaffen. \u201eIch bin in Schlieren aufgewachsen, habe in dieser Stadt die Lehre als medizinische Praxisassistentin absolviert und arbeite als Praxisbuchhalterin in der Klinik in Schlieren. Auch nach meinem Tod m\u00f6chte ich in meiner Heimatgemeinde begraben werden.\u201c<\/p>\n<p>Dieser Vorstoss wurde schon zwei Mal abgelehnt, was die willensstarke Politikerin nicht davon abschreckt, noch einen weiteren Versuch zu wagen. \u201eDie Leute sollen Zeit haben, sich \u00fcber das Thema zu informieren. Man muss dar\u00fcber reden und diskutieren, um zu verstehen, wieso es f\u00fcr uns so wichtig ist, nach muslimischen Rieten begraben zu werden\u201c, findet Rixhil Agushi.<\/p>\n<p>Ein wesentlicher Punkt ist die N\u00e4he zur Familie. \u201eMeine heute 4-j\u00e4hrige Tochter soll nach meinem Tod nicht ein Begr\u00e4bnis in meinem Geburtsort Tetovo in Mazedonien organisieren m\u00fcssen\u201c, sagt sie und f\u00fcgt hinzu: \u201eDie Familienangeh\u00f6rigen wollen ihren Verstorbenen nahe sein. Dieses Recht sollten wir doch haben!\u201c<\/p>\n<p>Deshalb ist es f\u00fcr sie sehr wichtig, dass die B\u00fcrgerinnen und B\u00fcrger Verst\u00e4ndnis f\u00fcr das Anliegen der muslimischen Einwohnerinnen und Einwohner der Gemeinde Schlieren entwickeln. Wenn dieses Verst\u00e4ndnis erlangt ist, werden die Stimmberechtigten, so hofft sie, f\u00fcr diesen Vorstoss stimmen. Doch daf\u00fcr brauche es noch ein wenig Zeit.<\/p>\n<p><strong>100 Talente unter 30<\/strong><\/p>\n<p>J\u00e4hrlich pr\u00e4sentiert die Vereinigung der Nordschweizer Zeitungen 100 Personen, die mit speziellen Leistungen auffallen. Im November 2014 fand dies unter dem Motto \u201e100 Talente unter 30 Jahren\u201c statt. Neben Politikern wie C\u00e9dric Wermuth, Juso-Pr\u00e4sidentin Samira Marti, Fussballstar Xherdan Shaqiri und anderen bekannten Pers\u00f6nlichkeiten w\u00e4hlte die achtk\u00f6pfige Jury auch Rixhil Agushi zu einem der 100 Talente.<\/p>\n<p><em>\u201eDie Jungpolitikerin engagierte sich zuletzt im Stadtparlament unter anderem als Kulturvermittlerin zwischen Christen und Muslimen. Und das in einer Zeit, wo Muslime sich in\u00a0<\/em><em>der Schweiz einem Generalverdacht ausgesetzt sehen\u201c,<\/em> steht in der Spezialausgabe.<\/p>\n<p>Dieses Lokalengagement will die arbeitsame Schliererin auch beibehalten, wobei eine weitere Treppe der Politkarriere sie in die n\u00e4chste Etage lockt.<\/p>\n<p>\u201eF\u00fcr die Kantonsratswahlen?\u201c, sie schmunzelt und l\u00e4chelt zugleich fast sch\u00fcchtern. \u201eJa, irgendwann in naher Zukunft werde ich mich f\u00fcr die Kantonsratswahlen aufstellen lassen.\u201c<\/p>\n<p><a href=\"http:\/\/www.albinfo.ch\/wp-content\/uploads\/2018\/08\/wahlfoto-rixhil-agusi.png\"><img loading=\"lazy\" decoding=\"async\" class=\"alignnone wp-image-211540\" src=\"http:\/\/www.albinfo.ch\/wp-content\/uploads\/2018\/08\/wahlfoto-rixhil-agusi.png\" alt=\"\" width=\"500\" height=\"355\" srcset=\"https:\/\/www.albinfo.at\/wp-content\/uploads\/2018\/08\/wahlfoto-rixhil-agusi.png 875w, https:\/\/www.albinfo.at\/wp-content\/uploads\/2018\/08\/wahlfoto-rixhil-agusi-300x213.png 300w, https:\/\/www.albinfo.at\/wp-content\/uploads\/2018\/08\/wahlfoto-rixhil-agusi-768x545.png 768w, https:\/\/www.albinfo.at\/wp-content\/uploads\/2018\/08\/wahlfoto-rixhil-agusi-558x396.png 558w, https:\/\/www.albinfo.at\/wp-content\/uploads\/2018\/08\/wahlfoto-rixhil-agusi-141x100.png 141w, https:\/\/www.albinfo.at\/wp-content\/uploads\/2018\/08\/wahlfoto-rixhil-agusi-247x175.png 247w\" sizes=\"auto, (max-width: 500px) 100vw, 500px\" \/><\/a><\/p>\n<p><em>Rixhil Agushi wurde im Jahr 2014 aufgrund ihres politischen Engagements zu einem der 100 Talente unter 30 gew\u00e4hlt.<\/em><\/p>\n","protected":false},"excerpt":{"rendered":"<p>Die geb\u00fcrtige Albanerin Rixhil Agushi politisiert seit sieben Jahren als Sozialdemokratin im Parlament der Z\u00fcrcher Gemeinde Schlieren. Als Kulturvermittlerin hat sie sich zum Ziel gesetzt, Vorurteile abzubauen und mehr Akzeptanz zu schaffen. <\/p>\n","protected":false},"author":14,"featured_media":211534,"comment_status":"open","ping_status":"open","sticky":false,"template":"","format":"standard","meta":{"footnotes":""},"categories":[1134,1135,1133],"tags":[1633,6432,6433],"vendi":[],"content_country":[],"class_list":["post-211576","post","type-post","status-publish","format-standard","has-post-thumbnail","hentry","category-integration","category-frauen","category-e-diaspora-de","tag-zvicer-de","tag-rixhil-agushi-de","tag-grate-shqiptare-de"],"acf":[],"_links":{"self":[{"href":"https:\/\/www.albinfo.at\/de\/wp-json\/wp\/v2\/posts\/211576","targetHints":{"allow":["GET"]}}],"collection":[{"href":"https:\/\/www.albinfo.at\/de\/wp-json\/wp\/v2\/posts"}],"about":[{"href":"https:\/\/www.albinfo.at\/de\/wp-json\/wp\/v2\/types\/post"}],"author":[{"embeddable":true,"href":"https:\/\/www.albinfo.at\/de\/wp-json\/wp\/v2\/users\/14"}],"replies":[{"embeddable":true,"href":"https:\/\/www.albinfo.at\/de\/wp-json\/wp\/v2\/comments?post=211576"}],"version-history":[{"count":0,"href":"https:\/\/www.albinfo.at\/de\/wp-json\/wp\/v2\/posts\/211576\/revisions"}],"wp:featuredmedia":[{"embeddable":true,"href":"https:\/\/www.albinfo.at\/de\/wp-json\/wp\/v2\/media\/211534"}],"wp:attachment":[{"href":"https:\/\/www.albinfo.at\/de\/wp-json\/wp\/v2\/media?parent=211576"}],"wp:term":[{"taxonomy":"category","embeddable":true,"href":"https:\/\/www.albinfo.at\/de\/wp-json\/wp\/v2\/categories?post=211576"},{"taxonomy":"post_tag","embeddable":true,"href":"https:\/\/www.albinfo.at\/de\/wp-json\/wp\/v2\/tags?post=211576"},{"taxonomy":"vendi","embeddable":true,"href":"https:\/\/www.albinfo.at\/de\/wp-json\/wp\/v2\/vendi?post=211576"},{"taxonomy":"content_country","embeddable":true,"href":"https:\/\/www.albinfo.at\/de\/wp-json\/wp\/v2\/content_country?post=211576"}],"curies":[{"name":"wp","href":"https:\/\/api.w.org\/{rel}","templated":true}]}}