{"id":169390,"date":"2017-11-06T13:26:58","date_gmt":"2017-11-06T12:26:58","guid":{"rendered":"http:\/\/www.albinfo.ch\/?p=169390\/"},"modified":"2017-11-06T13:59:21","modified_gmt":"2017-11-06T12:59:21","slug":"albanisch-schweizer-weisskittel-traeger-botschafter-der-integration-und-der-entwicklung","status":"publish","type":"post","link":"https:\/\/www.albinfo.at\/de\/albanisch-schweizer-weisskittel-traeger-botschafter-der-integration-und-der-entwicklung\/","title":{"rendered":"Albanisch-Schweizer Weisskittel-Tr\u00e4ger, Botschafter der Integration und der Entwicklung"},"content":{"rendered":"<p>Laut Recherchen von Albinfo.ch gibt es in der Schweiz rund 400 \u00c4rztinnen und \u00c4rzte albanischer Herkunft. Dies ist keine kleine Zahl &#8211; allerdings ist sie nicht gross genug, wenn man diese im Verh\u00e4ltnis zur grossen albanischen Gemeinde in der Schweiz setzt.<\/p>\n<p>Albanisch-st\u00e4mmige \u00c4rtzinnen und \u00c4rzte in der Schweiz \u00fcben unterschiedliche Medizinberufe aus: es gibt Allgemeinmediziner bis zu Spezialisten, die auf h\u00e4chstem Niveau unterwegs sind. So zur Beispiel der bekannte Herzchiruchrg Omer Xhemaili, oder Florim Cuculi, Avdulla Krasniqi, Emrush Rexhaj, G\u00ebzim Dushi, Flora Brovina-Shehu, Semun Abdili, Mentor Bilalli usw.<\/p>\n<p>\u00c4rzte mit albanischem Wurzeln k\u00f6nnen eine wichtige Rolle im Prozess der Integration der albanischen Gemeinde in der Schweiz spielen. Sie k\u00f6nnen sich aber auch in die Entwicklung in den Herkunftsl\u00e4ndern einbringen.<\/p>\n<p>Bez\u00fcglich der Integration l\u00e4sst es sich sicherlich sagen, dass diese umso mehr gl\u00fcckt, wenn man keine Unterschriede zwischen den Schweizern und Personen mit ausl\u00e4ndischen Wurzeln in Fragen der Gesundheit feststellen kann. Darunter versteht man einen guten gesundheitlichen Zustand, die durchschnittliche Lebensdauer, Hygieneverh\u00e4ltnisse, aber auch den Zugang zu medizinischen Leistungen. Albanische \u00c4rzte geniessen grossen Respekt unter der albanischen Gemeinde in der Schweiz. Daher haben ihre Worte und ihre Ratschl\u00e4ge grossen Wert bez\u00fcglich der Verbesserung des Gesundheitszeustandes der Gemeinde, insbesondere im Hinblick auf die Vorsorge.<\/p>\n<p>Doch albanische \u00c4rzte in der Schweiz k\u00f6nnen auch eine wichtige Rolle in den Herkunftsl\u00e4ndern in Kosovo, Mazedonien, Albanien, Presheva Tal und in Montenegro spielen. Die medizinische Ausbildung in der Schweiz ist eine der besten weltweit. Die albanischst\u00e4mmigen \u00c4rzte k\u00f6nnen ihr Wissen in den Herkunftsl\u00e4ndern transferieren, die Einstellung gegen\u00fcber dem Patienten in diesen L\u00e4ndern verbessern, sowie beim Aufbau von einer guten Versorgung entscheidend mithelfen. In dieser Hinsicht k\u00f6nnen serbisch-schweizerische \u00c4rzte als Beispiel genommen werden, die in ihrer Heimat eine pr\u00e4gende Rolle spielen. Der Einfluss der albanischen \u00c4rzte wird also noch gr\u00f6sser sein, wenn sie die Zeit haben, eine Struktur f\u00fcr Solidarit\u00e4t mit ihren Landsleuten in den Herkunftsl\u00e4dern auufzubauen, die schon seit Jahrzehnten an einer schlechten medizinischen Versorgung leiden.<\/p>\n<p>In dieser Ausgabe des Magazins Albinfo.ch bringen wir viele Artikel zu den oben genannten Themen, aber auch viele Informationen \u00fcber die Tendenz f\u00fcr den Aufbau von Strukturen f\u00fcr alte albanische Menschen in der Schweiz sowie f\u00fcr die Tendenz der Auswanderung der albanischen \u00c4rzte in westliche Staaten.<\/p>\n<p>Viel Spass beim Lesen!<\/p>\n<p>&nbsp;<\/p>\n<p>&nbsp;<\/p>\n","protected":false},"excerpt":{"rendered":"<p>\u00c4rzte mit albanischem Wurzeln k\u00f6nnen eine wichtige Rolle im Prozess der Integration der albanischen Gemeinde in der Schweiz spielen. Sie k\u00f6nnen sich aber auch in die Entwicklung in den Herkunftsl\u00e4ndern einbringen.<\/p>\n","protected":false},"author":4,"featured_media":140695,"comment_status":"open","ping_status":"open","sticky":false,"template":"","format":"standard","meta":{"footnotes":""},"categories":[1134,3954,14793,1133,1140,1412,2015],"tags":[],"vendi":[],"content_country":[],"class_list":["post-169390","post","type-post","status-publish","format-standard","has-post-thumbnail","hentry","category-integration","category-shendetesi-2-de","category-mantelbardhet-shqiptare-ne-zvicer-de","category-e-diaspora-de","category-leben-in-der-schweiz","category-newsletter-de","category-newsletter-media-de"],"acf":[],"_links":{"self":[{"href":"https:\/\/www.albinfo.at\/de\/wp-json\/wp\/v2\/posts\/169390","targetHints":{"allow":["GET"]}}],"collection":[{"href":"https:\/\/www.albinfo.at\/de\/wp-json\/wp\/v2\/posts"}],"about":[{"href":"https:\/\/www.albinfo.at\/de\/wp-json\/wp\/v2\/types\/post"}],"author":[{"embeddable":true,"href":"https:\/\/www.albinfo.at\/de\/wp-json\/wp\/v2\/users\/4"}],"replies":[{"embeddable":true,"href":"https:\/\/www.albinfo.at\/de\/wp-json\/wp\/v2\/comments?post=169390"}],"version-history":[{"count":0,"href":"https:\/\/www.albinfo.at\/de\/wp-json\/wp\/v2\/posts\/169390\/revisions"}],"wp:featuredmedia":[{"embeddable":true,"href":"https:\/\/www.albinfo.at\/de\/wp-json\/wp\/v2\/media\/140695"}],"wp:attachment":[{"href":"https:\/\/www.albinfo.at\/de\/wp-json\/wp\/v2\/media?parent=169390"}],"wp:term":[{"taxonomy":"category","embeddable":true,"href":"https:\/\/www.albinfo.at\/de\/wp-json\/wp\/v2\/categories?post=169390"},{"taxonomy":"post_tag","embeddable":true,"href":"https:\/\/www.albinfo.at\/de\/wp-json\/wp\/v2\/tags?post=169390"},{"taxonomy":"vendi","embeddable":true,"href":"https:\/\/www.albinfo.at\/de\/wp-json\/wp\/v2\/vendi?post=169390"},{"taxonomy":"content_country","embeddable":true,"href":"https:\/\/www.albinfo.at\/de\/wp-json\/wp\/v2\/content_country?post=169390"}],"curies":[{"name":"wp","href":"https:\/\/api.w.org\/{rel}","templated":true}]}}