{"id":167540,"date":"2017-10-24T14:28:26","date_gmt":"2017-10-24T12:28:26","guid":{"rendered":"http:\/\/www.albinfo.ch\/mantelbardhet-shqiptare-ne-zvicer\/"},"modified":"2020-05-23T02:10:42","modified_gmt":"2020-05-23T00:10:42","slug":"mit-den-albanischen-weisskittel-traegern-in-der-schweiz","status":"publish","type":"post","link":"https:\/\/www.albinfo.at\/de\/mit-den-albanischen-weisskittel-traegern-in-der-schweiz\/","title":{"rendered":"Mit den albanischen Weisskittel-Tr\u00e4gern in der Schweiz"},"content":{"rendered":"<p>\u201cMit den albanischen Weisskittel-Tr\u00e4gern in der Schwiez&#8221; heisst das Motto der\u00a0j\u00fcngsten Ausgabe des Magazins\u00a0albinfo.ch. Wie es das Motto sagt, fokussieren wir uns in dieser Ausgabe auf die Pr\u00e4sentation\u00a0von \u00c4rzten und medizinischem Personal mit albanischen Wurzeln, die in der Schweiz t\u00e4tig sind.<\/p>\n<p>Um sich einen \u00dcberblick \u00fcber die albanische Pr\u00e4senz im\u00a0Gesundheitswesen in der Schweiz zu verschaffen, hat\u00a0albinfo.ch\u00a0mehrere \u00c4rzte und anderes\u00a0Personal im Gesundheitswesen interviewt.\u00a0Die Gespr\u00e4chspartner geben\u00a0wertvolle Informationen, sprechen\u00a0von ihren Herausforderungen und Erfolgen.<\/p>\n<p>Zudem thematisieren wir auch das Ph\u00e4nomen der Auswanderung von \u00c4rzten und von weiterem medizinischen Personal aus Kosova und Mazedonien. Das Brain-Drain hat besorgniserregende Ausmasse erreicht.<\/p>\n<p>In dieser Ausgabe k\u00f6nnen Sie Interviews mit mehreren \u00c4rzten und anderen mit anderen Besch\u00e4ftigten im Gesundheitswesen lesen, angefangen mit Prof.Dr. Omer Xhemaili, der erfolgsreichste Arzt albanischer Abstammung in der Schweiz; dann ein Interview mit dem \u00c4rzte-Paar Dr. Bujana Batusha und Dr. Bujar Sopi, sowie Dr. Avdullah Krasniqi, Dr. Mentor Bilalli, Dr. Valbona Halili, Dr. Gazmend Haliti, Dr. Nait Bajrami und Dr. Bujar Beqiri. Zudem pr\u00e4sentieren wir auch Antigona Kicaj, die bereits zwei Spitex-Kliniken in Winterthur\u00a0leitet, Fatmire Bajselmani, Spitex-Leiterin aus dem Kanton Zug, Gazmend Demiri, Leiter eines Altersheims in Egerkingen usw.<\/p>\n<p>Wir\u00a0pr\u00e4sentieren auch mehrere Anbieter von Alters- und Pflegeheimen. Auch in diesem Segment haben die Albaner in der Schweiz grosse Erfolge gefeiert.<\/p>\n<p>Desweiteren thematisieren wir die Spiel- und Tabaksucht, die\u00a0albinfo.ch\u00a0in Zusammenarbeit mit Experten betrachtet hat.<\/p>\n<p>Das Magazin k\u00f6nnen Sie, wie bisher, kostenlos beziehen und lesen.<\/p>\n","protected":false},"excerpt":{"rendered":"<p>In dieser Ausgabe des Magazins\u00a0albinfo.ch\u00a0k\u00f6nnen Sie eine Reihe von Interviews mit mehreren albanischen \u00c4rzten in der Schweiz lesen, wie z.B. mit Prof.Dr. Omer Xhemaili.\u00a0<\/p>\n","protected":false},"author":4,"featured_media":0,"comment_status":"open","ping_status":"open","sticky":false,"template":"","format":"standard","meta":{"footnotes":""},"categories":[1134,3954,14793,1129,1133,1156],"tags":[],"vendi":[],"content_country":[],"class_list":["post-167540","post","type-post","status-publish","format-standard","hentry","category-integration","category-shendetesi-2-de","category-mantelbardhet-shqiptare-ne-zvicer-de","category-ch-balkan","category-e-diaspora-de","category-fotolajmi-de"],"acf":[],"_links":{"self":[{"href":"https:\/\/www.albinfo.at\/de\/wp-json\/wp\/v2\/posts\/167540","targetHints":{"allow":["GET"]}}],"collection":[{"href":"https:\/\/www.albinfo.at\/de\/wp-json\/wp\/v2\/posts"}],"about":[{"href":"https:\/\/www.albinfo.at\/de\/wp-json\/wp\/v2\/types\/post"}],"author":[{"embeddable":true,"href":"https:\/\/www.albinfo.at\/de\/wp-json\/wp\/v2\/users\/4"}],"replies":[{"embeddable":true,"href":"https:\/\/www.albinfo.at\/de\/wp-json\/wp\/v2\/comments?post=167540"}],"version-history":[{"count":0,"href":"https:\/\/www.albinfo.at\/de\/wp-json\/wp\/v2\/posts\/167540\/revisions"}],"wp:attachment":[{"href":"https:\/\/www.albinfo.at\/de\/wp-json\/wp\/v2\/media?parent=167540"}],"wp:term":[{"taxonomy":"category","embeddable":true,"href":"https:\/\/www.albinfo.at\/de\/wp-json\/wp\/v2\/categories?post=167540"},{"taxonomy":"post_tag","embeddable":true,"href":"https:\/\/www.albinfo.at\/de\/wp-json\/wp\/v2\/tags?post=167540"},{"taxonomy":"vendi","embeddable":true,"href":"https:\/\/www.albinfo.at\/de\/wp-json\/wp\/v2\/vendi?post=167540"},{"taxonomy":"content_country","embeddable":true,"href":"https:\/\/www.albinfo.at\/de\/wp-json\/wp\/v2\/content_country?post=167540"}],"curies":[{"name":"wp","href":"https:\/\/api.w.org\/{rel}","templated":true}]}}