{"id":155152,"date":"2017-07-13T10:00:19","date_gmt":"2017-07-13T08:00:19","guid":{"rendered":"http:\/\/www.albinfo.ch\/?p=155152\/"},"modified":"2017-07-13T16:08:56","modified_gmt":"2017-07-13T14:08:56","slug":"10-gruende-kosova-zu-besuchen-2","status":"publish","type":"post","link":"https:\/\/www.albinfo.at\/de\/10-gruende-kosova-zu-besuchen-2\/","title":{"rendered":"10 Gr\u00fcnde, Kosova zu besuchen"},"content":{"rendered":"<p>Im Sommer oder im Winter? Kein Problem. Sie k\u00f6nnen Kosova das ganze Jahr \u00fcber besuchen und Sie werden von den Sch\u00f6nheiten des Landes, von wunderbaren Essen und den netten Menschen beeindruckt sein.<\/p>\n<p>Kosova ist reich an sch\u00f6ner Natur, an historischen St\u00e4tten, an Kuktur. Die Menschen sind sehr gastfreundlich, die Preise sind g\u00fcnstig. Albinfo.ch zeigt 10 Gr\u00fcnde, warum Sie Kosova besuchen sollten.<\/p>\n<p>1.Sch\u00f6ne Natur: Besonders im Sommer, ist die Natur in Kosova sehr sch\u00f6n. Rugova-Schlucht, die Sharr-Gebirge, der Wasserfall von Mirusha, die Quelle vom Fluss Drin i Bardh\u00eb sind einige der Sch\u00f6nheiten der Natur, die man in Kosova gesehen haben muss.<\/p>\n<p><a href=\"http:\/\/www.albinfo.ch\/wp-content\/uploads\/2017\/07\/mirusha-gjakov\u00bd.jpg\"><img loading=\"lazy\" decoding=\"async\" class=\"alignnone size-large wp-image-155194\" src=\"http:\/\/www.albinfo.ch\/wp-content\/uploads\/2017\/07\/mirusha-gjakov\u00bd-1024x683.jpg\" alt=\"\" width=\"640\" height=\"427\" srcset=\"https:\/\/www.albinfo.at\/wp-content\/uploads\/2017\/07\/mirusha-gjakov\u00bd-1024x683.jpg 1024w, https:\/\/www.albinfo.at\/wp-content\/uploads\/2017\/07\/mirusha-gjakov\u00bd-300x200.jpg 300w, https:\/\/www.albinfo.at\/wp-content\/uploads\/2017\/07\/mirusha-gjakov\u00bd-768x512.jpg 768w, https:\/\/www.albinfo.at\/wp-content\/uploads\/2017\/07\/mirusha-gjakov\u00bd-210x141.jpg 210w, https:\/\/www.albinfo.at\/wp-content\/uploads\/2017\/07\/mirusha-gjakov\u00bd-587x391.jpg 587w, https:\/\/www.albinfo.at\/wp-content\/uploads\/2017\/07\/mirusha-gjakov\u00bd.jpg 1620w\" sizes=\"auto, (max-width: 640px) 100vw, 640px\" \/><\/a><a href=\"http:\/\/www.albinfo.ch\/wp-content\/uploads\/2017\/07\/img_1913.jpg\"><img loading=\"lazy\" decoding=\"async\" class=\"alignnone size-large wp-image-155189\" src=\"http:\/\/www.albinfo.ch\/wp-content\/uploads\/2017\/07\/img_1913-1024x683.jpg\" alt=\"\" width=\"640\" height=\"427\" srcset=\"https:\/\/www.albinfo.at\/wp-content\/uploads\/2017\/07\/img_1913-1024x683.jpg 1024w, https:\/\/www.albinfo.at\/wp-content\/uploads\/2017\/07\/img_1913-300x200.jpg 300w, https:\/\/www.albinfo.at\/wp-content\/uploads\/2017\/07\/img_1913-768x512.jpg 768w, https:\/\/www.albinfo.at\/wp-content\/uploads\/2017\/07\/img_1913-210x141.jpg 210w, https:\/\/www.albinfo.at\/wp-content\/uploads\/2017\/07\/img_1913-587x391.jpg 587w, https:\/\/www.albinfo.at\/wp-content\/uploads\/2017\/07\/img_1913.jpg 1620w\" sizes=\"auto, (max-width: 640px) 100vw, 640px\" \/><\/a><a href=\"http:\/\/www.albinfo.ch\/wp-content\/uploads\/2017\/07\/gjeravica_141.jpg\"><img loading=\"lazy\" decoding=\"async\" class=\"alignnone size-large wp-image-155185\" src=\"http:\/\/www.albinfo.ch\/wp-content\/uploads\/2017\/07\/gjeravica_141-1024x683.jpg\" alt=\"\" width=\"640\" height=\"427\" srcset=\"https:\/\/www.albinfo.at\/wp-content\/uploads\/2017\/07\/gjeravica_141-1024x683.jpg 1024w, https:\/\/www.albinfo.at\/wp-content\/uploads\/2017\/07\/gjeravica_141-300x200.jpg 300w, https:\/\/www.albinfo.at\/wp-content\/uploads\/2017\/07\/gjeravica_141-768x512.jpg 768w, https:\/\/www.albinfo.at\/wp-content\/uploads\/2017\/07\/gjeravica_141-210x141.jpg 210w, https:\/\/www.albinfo.at\/wp-content\/uploads\/2017\/07\/gjeravica_141-587x391.jpg 587w, https:\/\/www.albinfo.at\/wp-content\/uploads\/2017\/07\/gjeravica_141.jpg 1620w\" sizes=\"auto, (max-width: 640px) 100vw, 640px\" \/><\/a><\/p>\n<p><a href=\"http:\/\/www.albinfo.ch\/wp-content\/uploads\/2017\/07\/uj\u00bdvara-e-drinit-bardh\u00bd-radavc.jpg\"><img loading=\"lazy\" decoding=\"async\" class=\"alignnone size-large wp-image-155170\" src=\"http:\/\/www.albinfo.ch\/wp-content\/uploads\/2017\/07\/uj\u00bdvara-e-drinit-bardh\u00bd-radavc-683x1024.jpg\" alt=\"\" width=\"640\" height=\"960\" srcset=\"https:\/\/www.albinfo.at\/wp-content\/uploads\/2017\/07\/uj\u00bdvara-e-drinit-bardh\u00bd-radavc-683x1024.jpg 683w, https:\/\/www.albinfo.at\/wp-content\/uploads\/2017\/07\/uj\u00bdvara-e-drinit-bardh\u00bd-radavc-200x300.jpg 200w, https:\/\/www.albinfo.at\/wp-content\/uploads\/2017\/07\/uj\u00bdvara-e-drinit-bardh\u00bd-radavc-768x1152.jpg 768w, https:\/\/www.albinfo.at\/wp-content\/uploads\/2017\/07\/uj\u00bdvara-e-drinit-bardh\u00bd-radavc-264x396.jpg 264w, https:\/\/www.albinfo.at\/wp-content\/uploads\/2017\/07\/uj\u00bdvara-e-drinit-bardh\u00bd-radavc.jpg 1080w\" sizes=\"auto, (max-width: 640px) 100vw, 640px\" \/><\/a><\/p>\n<p>2.Historische Orte: Wenn Sie historische Orte besuchen wollen, dann finden Sie auch in Kosova einiges: die Festung von Prizren, das Haus der Albanischen Liga von Prizren, die Festung von Novob\u00ebrda, oder die antike Stadt Ulpiana.<\/p>\n<p><a href=\"http:\/\/www.albinfo.ch\/wp-content\/uploads\/2017\/07\/muzeu-etnologjik-1.jpg\"><img loading=\"lazy\" decoding=\"async\" class=\"alignnone size-large wp-image-155195\" src=\"http:\/\/www.albinfo.ch\/wp-content\/uploads\/2017\/07\/muzeu-etnologjik-1-1024x682.jpg\" alt=\"\" width=\"640\" height=\"426\" srcset=\"https:\/\/www.albinfo.at\/wp-content\/uploads\/2017\/07\/muzeu-etnologjik-1-1024x682.jpg 1024w, https:\/\/www.albinfo.at\/wp-content\/uploads\/2017\/07\/muzeu-etnologjik-1-300x200.jpg 300w, https:\/\/www.albinfo.at\/wp-content\/uploads\/2017\/07\/muzeu-etnologjik-1-768x511.jpg 768w, https:\/\/www.albinfo.at\/wp-content\/uploads\/2017\/07\/muzeu-etnologjik-1-586x389.jpg 586w, https:\/\/www.albinfo.at\/wp-content\/uploads\/2017\/07\/muzeu-etnologjik-1-210x141.jpg 210w, https:\/\/www.albinfo.at\/wp-content\/uploads\/2017\/07\/muzeu-etnologjik-1-587x391.jpg 587w\" sizes=\"auto, (max-width: 640px) 100vw, 640px\" \/><\/a><a href=\"http:\/\/www.albinfo.ch\/wp-content\/uploads\/2017\/07\/kalaja-e-prizrenti.jpg\"><img loading=\"lazy\" decoding=\"async\" class=\"alignnone size-large wp-image-155193\" src=\"http:\/\/www.albinfo.ch\/wp-content\/uploads\/2017\/07\/kalaja-e-prizrenti-681x1024.jpg\" alt=\"\" width=\"640\" height=\"962\" srcset=\"https:\/\/www.albinfo.at\/wp-content\/uploads\/2017\/07\/kalaja-e-prizrenti-681x1024.jpg 681w, https:\/\/www.albinfo.at\/wp-content\/uploads\/2017\/07\/kalaja-e-prizrenti-200x300.jpg 200w, https:\/\/www.albinfo.at\/wp-content\/uploads\/2017\/07\/kalaja-e-prizrenti-768x1154.jpg 768w, https:\/\/www.albinfo.at\/wp-content\/uploads\/2017\/07\/kalaja-e-prizrenti-264x396.jpg 264w\" sizes=\"auto, (max-width: 640px) 100vw, 640px\" \/><\/a><a href=\"http:\/\/www.albinfo.ch\/wp-content\/uploads\/2017\/07\/new-panorama6.jpg\"><img loading=\"lazy\" decoding=\"async\" class=\"alignnone size-large wp-image-155167\" src=\"http:\/\/www.albinfo.ch\/wp-content\/uploads\/2017\/07\/new-panorama6-1024x641.jpg\" alt=\"\" width=\"640\" height=\"401\" srcset=\"https:\/\/www.albinfo.at\/wp-content\/uploads\/2017\/07\/new-panorama6-1024x641.jpg 1024w, https:\/\/www.albinfo.at\/wp-content\/uploads\/2017\/07\/new-panorama6-300x188.jpg 300w, https:\/\/www.albinfo.at\/wp-content\/uploads\/2017\/07\/new-panorama6-768x481.jpg 768w, https:\/\/www.albinfo.at\/wp-content\/uploads\/2017\/07\/new-panorama6-87x56.jpg 87w, https:\/\/www.albinfo.at\/wp-content\/uploads\/2017\/07\/new-panorama6-587x368.jpg 587w, https:\/\/www.albinfo.at\/wp-content\/uploads\/2017\/07\/new-panorama6.jpg 1725w\" sizes=\"auto, (max-width: 640px) 100vw, 640px\" \/><\/a><a href=\"http:\/\/www.albinfo.ch\/wp-content\/uploads\/2017\/07\/kalaja-e-novoberdes-1.jpg\"><img loading=\"lazy\" decoding=\"async\" class=\"alignnone size-large wp-image-155192\" src=\"http:\/\/www.albinfo.ch\/wp-content\/uploads\/2017\/07\/kalaja-e-novoberdes-1-1024x575.jpg\" alt=\"\" width=\"640\" height=\"359\" srcset=\"https:\/\/www.albinfo.at\/wp-content\/uploads\/2017\/07\/kalaja-e-novoberdes-1-1024x575.jpg 1024w, https:\/\/www.albinfo.at\/wp-content\/uploads\/2017\/07\/kalaja-e-novoberdes-1-300x169.jpg 300w, https:\/\/www.albinfo.at\/wp-content\/uploads\/2017\/07\/kalaja-e-novoberdes-1-768x431.jpg 768w, https:\/\/www.albinfo.at\/wp-content\/uploads\/2017\/07\/kalaja-e-novoberdes-1-182x101.jpg 182w, https:\/\/www.albinfo.at\/wp-content\/uploads\/2017\/07\/kalaja-e-novoberdes-1-790x443.jpg 790w, https:\/\/www.albinfo.at\/wp-content\/uploads\/2017\/07\/kalaja-e-novoberdes-1-587x330.jpg 587w\" sizes=\"auto, (max-width: 640px) 100vw, 640px\" \/><\/a><\/p>\n<p>3.Hiking: F\u00fcr Hiking-Interessierte, ist Kosova ein ideales Ziel. Viele Berge und viele Angebote f\u00fcr gef\u00fchrte Touren.<\/p>\n<p><a href=\"http:\/\/www.albinfo.ch\/wp-content\/uploads\/2017\/07\/radavc-2.jpg\"><img loading=\"lazy\" decoding=\"async\" class=\"alignnone size-large wp-image-155197\" src=\"http:\/\/www.albinfo.ch\/wp-content\/uploads\/2017\/07\/radavc-2-1024x682.jpg\" alt=\"\" width=\"640\" height=\"426\" srcset=\"https:\/\/www.albinfo.at\/wp-content\/uploads\/2017\/07\/radavc-2-1024x682.jpg 1024w, https:\/\/www.albinfo.at\/wp-content\/uploads\/2017\/07\/radavc-2-300x200.jpg 300w, https:\/\/www.albinfo.at\/wp-content\/uploads\/2017\/07\/radavc-2-768x511.jpg 768w, https:\/\/www.albinfo.at\/wp-content\/uploads\/2017\/07\/radavc-2-586x389.jpg 586w, https:\/\/www.albinfo.at\/wp-content\/uploads\/2017\/07\/radavc-2-210x141.jpg 210w, https:\/\/www.albinfo.at\/wp-content\/uploads\/2017\/07\/radavc-2-587x391.jpg 587w\" sizes=\"auto, (max-width: 640px) 100vw, 640px\" \/><\/a><a href=\"http:\/\/www.albinfo.ch\/wp-content\/uploads\/2017\/07\/img_8292.jpg\"><img loading=\"lazy\" decoding=\"async\" class=\"alignnone size-large wp-image-155190\" src=\"http:\/\/www.albinfo.ch\/wp-content\/uploads\/2017\/07\/img_8292-1024x683.jpg\" alt=\"\" width=\"640\" height=\"427\" srcset=\"https:\/\/www.albinfo.at\/wp-content\/uploads\/2017\/07\/img_8292-1024x683.jpg 1024w, https:\/\/www.albinfo.at\/wp-content\/uploads\/2017\/07\/img_8292-300x200.jpg 300w, https:\/\/www.albinfo.at\/wp-content\/uploads\/2017\/07\/img_8292-768x512.jpg 768w, https:\/\/www.albinfo.at\/wp-content\/uploads\/2017\/07\/img_8292-210x141.jpg 210w, https:\/\/www.albinfo.at\/wp-content\/uploads\/2017\/07\/img_8292-587x391.jpg 587w, https:\/\/www.albinfo.at\/wp-content\/uploads\/2017\/07\/img_8292.jpg 1620w\" sizes=\"auto, (max-width: 640px) 100vw, 640px\" \/><\/a><\/p>\n<p><a href=\"http:\/\/www.albinfo.ch\/wp-content\/uploads\/2017\/07\/104.png\"><img loading=\"lazy\" decoding=\"async\" class=\"alignnone size-full wp-image-155146\" src=\"http:\/\/www.albinfo.ch\/wp-content\/uploads\/2017\/07\/104.png\" alt=\"\" width=\"341\" height=\"612\" srcset=\"https:\/\/www.albinfo.at\/wp-content\/uploads\/2017\/07\/104.png 341w, https:\/\/www.albinfo.at\/wp-content\/uploads\/2017\/07\/104-167x300.png 167w, https:\/\/www.albinfo.at\/wp-content\/uploads\/2017\/07\/104-221x396.png 221w\" sizes=\"auto, (max-width: 341px) 100vw, 341px\" \/><\/a><\/p>\n<p>4. Ski-Orte: Im Winter kann man in Kosova Ski fahren. Die Skizentren in Brezovica und in Bog\u00eb sind bekannt. Aber auch Orte wie Livadhet Mbret\u00ebrore, Skarp\u00eb, Radesh\u00eb, Restelic\u00eb, Lybeten bieten wunderbare M\u00f6glichkeiten f\u00fcr Wintertourismus.<\/p>\n<p><a href=\"http:\/\/www.albinfo.ch\/wp-content\/uploads\/2017\/07\/dsc_2370.jpg\"><img loading=\"lazy\" decoding=\"async\" class=\"alignnone size-large wp-image-155182\" src=\"http:\/\/www.albinfo.ch\/wp-content\/uploads\/2017\/07\/dsc_2370-1024x619.jpg\" alt=\"\" width=\"640\" height=\"387\" srcset=\"https:\/\/www.albinfo.at\/wp-content\/uploads\/2017\/07\/dsc_2370-1024x619.jpg 1024w, https:\/\/www.albinfo.at\/wp-content\/uploads\/2017\/07\/dsc_2370-300x181.jpg 300w, https:\/\/www.albinfo.at\/wp-content\/uploads\/2017\/07\/dsc_2370-768x464.jpg 768w, https:\/\/www.albinfo.at\/wp-content\/uploads\/2017\/07\/dsc_2370-587x355.jpg 587w\" sizes=\"auto, (max-width: 640px) 100vw, 640px\" \/><\/a><\/p>\n<p><a href=\"http:\/\/www.albinfo.ch\/wp-content\/uploads\/2017\/07\/20151130-ndf_7788-bearbeitet.jpg\"><img loading=\"lazy\" decoding=\"async\" class=\"size-large wp-image-155177\" src=\"http:\/\/www.albinfo.ch\/wp-content\/uploads\/2017\/07\/20151130-ndf_7788-bearbeitet-1024x512.jpg\" alt=\"\" width=\"640\" height=\"320\" srcset=\"https:\/\/www.albinfo.at\/wp-content\/uploads\/2017\/07\/20151130-ndf_7788-bearbeitet-1024x512.jpg 1024w, https:\/\/www.albinfo.at\/wp-content\/uploads\/2017\/07\/20151130-ndf_7788-bearbeitet-300x150.jpg 300w, https:\/\/www.albinfo.at\/wp-content\/uploads\/2017\/07\/20151130-ndf_7788-bearbeitet-768x384.jpg 768w, https:\/\/www.albinfo.at\/wp-content\/uploads\/2017\/07\/20151130-ndf_7788-bearbeitet-587x294.jpg 587w\" sizes=\"auto, (max-width: 640px) 100vw, 640px\" \/><\/a><\/p>\n<p><a href=\"http:\/\/www.albinfo.ch\/wp-content\/uploads\/2017\/07\/dsc_7133.jpg\"><img loading=\"lazy\" decoding=\"async\" class=\"alignnone size-large wp-image-155183\" src=\"http:\/\/www.albinfo.ch\/wp-content\/uploads\/2017\/07\/dsc_7133-1024x683.jpg\" alt=\"\" width=\"640\" height=\"427\" srcset=\"https:\/\/www.albinfo.at\/wp-content\/uploads\/2017\/07\/dsc_7133-1024x683.jpg 1024w, https:\/\/www.albinfo.at\/wp-content\/uploads\/2017\/07\/dsc_7133-300x200.jpg 300w, https:\/\/www.albinfo.at\/wp-content\/uploads\/2017\/07\/dsc_7133-768x512.jpg 768w, https:\/\/www.albinfo.at\/wp-content\/uploads\/2017\/07\/dsc_7133-210x141.jpg 210w, https:\/\/www.albinfo.at\/wp-content\/uploads\/2017\/07\/dsc_7133-587x391.jpg 587w\" sizes=\"auto, (max-width: 640px) 100vw, 640px\" \/><\/a><\/p>\n<p>5. Die H\u00f6hle von Gadime: Enstanden vor ca. 80&#8217;000 Jahren ist die H\u00f6hle von Gadime eine der sch\u00f6nste H\u00f6hlen der Region. Die Kristalle im inneren der H\u00f6hle sind atemberaubend sch\u00f6n. Ein Ort, den man besucht haben muss.<\/p>\n<p><a href=\"http:\/\/www.albinfo.ch\/wp-content\/uploads\/2017\/07\/radavc-3.jpg\"><img loading=\"lazy\" decoding=\"async\" class=\"alignnone size-large wp-image-155171\" src=\"http:\/\/www.albinfo.ch\/wp-content\/uploads\/2017\/07\/radavc-3-1024x663.jpg\" alt=\"\" width=\"640\" height=\"414\" srcset=\"https:\/\/www.albinfo.at\/wp-content\/uploads\/2017\/07\/radavc-3-1024x663.jpg 1024w, https:\/\/www.albinfo.at\/wp-content\/uploads\/2017\/07\/radavc-3-300x194.jpg 300w, https:\/\/www.albinfo.at\/wp-content\/uploads\/2017\/07\/radavc-3-768x497.jpg 768w, https:\/\/www.albinfo.at\/wp-content\/uploads\/2017\/07\/radavc-3-540x350.jpg 540w, https:\/\/www.albinfo.at\/wp-content\/uploads\/2017\/07\/radavc-3-87x56.jpg 87w, https:\/\/www.albinfo.at\/wp-content\/uploads\/2017\/07\/radavc-3-587x380.jpg 587w\" sizes=\"auto, (max-width: 640px) 100vw, 640px\" \/><\/a><\/p>\n<p>6. Gastfreundliche Menschen: Alle ausl\u00e4ndischen G\u00e4ste sind von den Menschen in Kosova begeistert. Die Gastfreundschaft der Albaner hat eine lange Tradition und ist eines der Merkmale der albanischen Nation.<\/p>\n<p><a href=\"http:\/\/www.albinfo.ch\/wp-content\/uploads\/2017\/07\/etno-fest1.jpg\"><img loading=\"lazy\" decoding=\"async\" class=\"alignnone size-large wp-image-155172\" src=\"http:\/\/www.albinfo.ch\/wp-content\/uploads\/2017\/07\/etno-fest1-1024x681.jpg\" alt=\"\" width=\"640\" height=\"426\" srcset=\"https:\/\/www.albinfo.at\/wp-content\/uploads\/2017\/07\/etno-fest1-1024x681.jpg 1024w, https:\/\/www.albinfo.at\/wp-content\/uploads\/2017\/07\/etno-fest1-300x200.jpg 300w, https:\/\/www.albinfo.at\/wp-content\/uploads\/2017\/07\/etno-fest1-768x511.jpg 768w, https:\/\/www.albinfo.at\/wp-content\/uploads\/2017\/07\/etno-fest1-586x389.jpg 586w, https:\/\/www.albinfo.at\/wp-content\/uploads\/2017\/07\/etno-fest1-210x141.jpg 210w, https:\/\/www.albinfo.at\/wp-content\/uploads\/2017\/07\/etno-fest1-587x391.jpg 587w\" sizes=\"auto, (max-width: 640px) 100vw, 640px\" \/><\/a><\/p>\n<p>7. Religi\u00f6se Toleranz: Die Mehrheit der Menschen in Kosova sind Muslime; die religi\u00f6se Toleranz hat eine jahrunderte alte Tradition unter den Albanern. So in Ferizaj, wo die Kirche und die Moschee sehr nah bei einander stehen.<\/p>\n<p><a href=\"http:\/\/www.albinfo.ch\/wp-content\/uploads\/2017\/07\/102.png\"><img loading=\"lazy\" decoding=\"async\" class=\"alignnone  wp-image-155143\" src=\"http:\/\/www.albinfo.ch\/wp-content\/uploads\/2017\/07\/102.png\" alt=\"\" width=\"506\" height=\"612\" srcset=\"https:\/\/www.albinfo.at\/wp-content\/uploads\/2017\/07\/102.png 576w, https:\/\/www.albinfo.at\/wp-content\/uploads\/2017\/07\/102-248x300.png 248w, https:\/\/www.albinfo.at\/wp-content\/uploads\/2017\/07\/102-328x396.png 328w\" sizes=\"auto, (max-width: 506px) 100vw, 506px\" \/><\/a><\/p>\n<p>8. Vern\u00fcnftige Preise: Wenn Sie aus dem Westen kommen, dann werden Sie \u00fcber die g\u00fcnstigen Preise in Kosova staunen. 10 Tage Urlaub und der Besuch von allen Sehensw\u00fcrdigkeiten des Landes werden Ihrem Portemonnaie nicht weh tun.<\/p>\n<p>9. Wunderbares Essen: In Kosova finden Sie neben Fast-Food, Pizza und Pasta auch wunderbare traditionelle albanische K\u00fcche: Fli, pasul (Bohnensuppe), Gulasch oder pite, m\u00fcssen Sie probieren.<\/p>\n<p>10. \u2018Have fun\u2019: Die Bev\u00f6lkerung in Kosova ist sehr jung. Bars und Restaurents sind bis sp\u00e4t in der Nacht offen. Zudem gibt es viele Festivals. Sie werden nicht entt\u00e4uscht sein.<\/p>\n<p><a href=\"http:\/\/www.albinfo.ch\/wp-content\/uploads\/2017\/07\/dokufest-2.jpg\"><img loading=\"lazy\" decoding=\"async\" class=\"alignnone size-large wp-image-155179\" src=\"http:\/\/www.albinfo.ch\/wp-content\/uploads\/2017\/07\/dokufest-2-1024x682.jpg\" alt=\"\" width=\"640\" height=\"426\" srcset=\"https:\/\/www.albinfo.at\/wp-content\/uploads\/2017\/07\/dokufest-2-1024x682.jpg 1024w, https:\/\/www.albinfo.at\/wp-content\/uploads\/2017\/07\/dokufest-2-300x200.jpg 300w, https:\/\/www.albinfo.at\/wp-content\/uploads\/2017\/07\/dokufest-2-768x511.jpg 768w, https:\/\/www.albinfo.at\/wp-content\/uploads\/2017\/07\/dokufest-2-586x389.jpg 586w, https:\/\/www.albinfo.at\/wp-content\/uploads\/2017\/07\/dokufest-2-210x141.jpg 210w, https:\/\/www.albinfo.at\/wp-content\/uploads\/2017\/07\/dokufest-2-587x391.jpg 587w\" sizes=\"auto, (max-width: 640px) 100vw, 640px\" \/><\/a><\/p>\n<p><a href=\"http:\/\/www.albinfo.ch\/wp-content\/uploads\/2017\/07\/dokufest.jpg\"><img loading=\"lazy\" decoding=\"async\" class=\"alignnone size-large wp-image-155180\" src=\"http:\/\/www.albinfo.ch\/wp-content\/uploads\/2017\/07\/dokufest-1024x681.jpg\" alt=\"\" width=\"640\" height=\"426\" srcset=\"https:\/\/www.albinfo.at\/wp-content\/uploads\/2017\/07\/dokufest-1024x681.jpg 1024w, https:\/\/www.albinfo.at\/wp-content\/uploads\/2017\/07\/dokufest-300x200.jpg 300w, https:\/\/www.albinfo.at\/wp-content\/uploads\/2017\/07\/dokufest-768x511.jpg 768w, https:\/\/www.albinfo.at\/wp-content\/uploads\/2017\/07\/dokufest-586x389.jpg 586w, https:\/\/www.albinfo.at\/wp-content\/uploads\/2017\/07\/dokufest-210x141.jpg 210w, https:\/\/www.albinfo.at\/wp-content\/uploads\/2017\/07\/dokufest-587x391.jpg 587w\" sizes=\"auto, (max-width: 640px) 100vw, 640px\" \/><\/a><a href=\"http:\/\/www.albinfo.ch\/wp-content\/uploads\/2017\/07\/a_04_ura-prizren_2.jpg\"><img loading=\"lazy\" decoding=\"async\" class=\"alignnone size-large wp-image-155178\" src=\"http:\/\/www.albinfo.ch\/wp-content\/uploads\/2017\/07\/a_04_ura-prizren_2-704x1024.jpg\" alt=\"\" width=\"640\" height=\"931\" srcset=\"https:\/\/www.albinfo.at\/wp-content\/uploads\/2017\/07\/a_04_ura-prizren_2-704x1024.jpg 704w, https:\/\/www.albinfo.at\/wp-content\/uploads\/2017\/07\/a_04_ura-prizren_2-206x300.jpg 206w, https:\/\/www.albinfo.at\/wp-content\/uploads\/2017\/07\/a_04_ura-prizren_2-768x1117.jpg 768w, https:\/\/www.albinfo.at\/wp-content\/uploads\/2017\/07\/a_04_ura-prizren_2-272x396.jpg 272w, https:\/\/www.albinfo.at\/wp-content\/uploads\/2017\/07\/a_04_ura-prizren_2.jpg 1080w\" sizes=\"auto, (max-width: 640px) 100vw, 640px\" \/><\/a><\/p>\n<p>&nbsp;<\/p>\n<p>&nbsp;<\/p>\n","protected":false},"excerpt":{"rendered":"<p>Wie kommen Sie nach Kosova &#8211; Man braucht kein Visum, um in das Land einzureisen: Flugweg: der Internationale Flughafen von Prishtina liegt 15 Kilomenter von der Haupstadt entfernt. Landweg &#8211; \u00fcber Albanien: V\u00ebrmica, Morina und Qaf\u00eb Prushi; \u00fcber Mazedonien: Hani i Elezit und Gllobo\u00e7ica; \u00fcber Montenegro: Gryka e \u00c7akorit und Zhlebi; \u00fcber Serbien: Merdari, Dheu i Bardh\u00eb, Muqibaba, Jarinje, Gazivoda.<\/p>\n","protected":false},"author":11,"featured_media":0,"comment_status":"open","ping_status":"open","sticky":false,"template":"","format":"standard","meta":{"footnotes":""},"categories":[3925,1129,1412,2015],"tags":[],"vendi":[],"content_country":[],"class_list":["post-155152","post","type-post","status-publish","format-standard","hentry","category-10-gruende-kosova-zu-besuchen","category-ch-balkan","category-newsletter-de","category-newsletter-media-de"],"acf":[],"_links":{"self":[{"href":"https:\/\/www.albinfo.at\/de\/wp-json\/wp\/v2\/posts\/155152","targetHints":{"allow":["GET"]}}],"collection":[{"href":"https:\/\/www.albinfo.at\/de\/wp-json\/wp\/v2\/posts"}],"about":[{"href":"https:\/\/www.albinfo.at\/de\/wp-json\/wp\/v2\/types\/post"}],"author":[{"embeddable":true,"href":"https:\/\/www.albinfo.at\/de\/wp-json\/wp\/v2\/users\/11"}],"replies":[{"embeddable":true,"href":"https:\/\/www.albinfo.at\/de\/wp-json\/wp\/v2\/comments?post=155152"}],"version-history":[{"count":0,"href":"https:\/\/www.albinfo.at\/de\/wp-json\/wp\/v2\/posts\/155152\/revisions"}],"wp:attachment":[{"href":"https:\/\/www.albinfo.at\/de\/wp-json\/wp\/v2\/media?parent=155152"}],"wp:term":[{"taxonomy":"category","embeddable":true,"href":"https:\/\/www.albinfo.at\/de\/wp-json\/wp\/v2\/categories?post=155152"},{"taxonomy":"post_tag","embeddable":true,"href":"https:\/\/www.albinfo.at\/de\/wp-json\/wp\/v2\/tags?post=155152"},{"taxonomy":"vendi","embeddable":true,"href":"https:\/\/www.albinfo.at\/de\/wp-json\/wp\/v2\/vendi?post=155152"},{"taxonomy":"content_country","embeddable":true,"href":"https:\/\/www.albinfo.at\/de\/wp-json\/wp\/v2\/content_country?post=155152"}],"curies":[{"name":"wp","href":"https:\/\/api.w.org\/{rel}","templated":true}]}}