{"id":105681,"date":"2016-02-10T13:50:36","date_gmt":"2016-02-10T12:50:36","guid":{"rendered":"http:\/\/www.albinfo.ch\/de\/asile-statistiques-de-janvier-2016\/"},"modified":"2016-02-12T09:05:07","modified_gmt":"2016-02-12T08:05:07","slug":"asile-statistiques-de-janvier-2016","status":"publish","type":"post","link":"https:\/\/www.albinfo.at\/de\/asile-statistiques-de-janvier-2016\/","title":{"rendered":"Asylstatistik Januar 2016"},"content":{"rendered":"<h1><\/h1>\n<p>Die wichtigsten Herkunftsl\u00e4nder von Asylsuchenden im Januar waren Afghanistan mit 1224 Gesuchen (-759), Syrien mit 488 Gesuchen (-308), Irak mit 367 Gesuchen (-107) und Eritrea mit 233 Gesuchen (+63).<\/p>\n<p>In den Wintermonaten sind etwas weniger Asylsuchende in der Schweiz eingetroffen. Aufgrund der anhaltenden Kriegs- und Krisenherde bleibt die Fl\u00fcchtlingssituation in Europa und der Schweiz jedoch auch in diesem Jahr angespannt.<\/p>\n<p>Das SEM erledigte im Januar 2429 Asylgesuche in erster Instanz. Dabei wurden 848 Nichteintretensentscheide auf Grundlage des Dublin-Abkommens gef\u00e4llt, 466 Personen erhielten Asyl und 537 Personen wurden vorl\u00e4ufig aufgenommen. Die Zahl der erstinstanzlich h\u00e4ngigen F\u00e4lle stieg im Vergleich zum Vormonat um 1378.<\/p>\n<p>Im Januar 2016 sind 715 Personen aus der Schweiz ausgereist oder wurden r\u00fcckgef\u00fchrt. Die Schweiz hat bei 2127 Personen einen anderen Dublin-Staat um \u00dcbernahme angefragt, 268 Personen konnten in den zust\u00e4ndigen Dublin-Staat \u00fcberf\u00fchrt werden. Gleichzeitig wurde die Schweiz von anderen Dublin-Staaten um \u00dcbernahme von 201 Personen ersucht. 39 Personen wurden der Schweiz \u00fcberstellt.<\/p>\n<p>&nbsp;<\/p>\n","protected":false},"excerpt":{"rendered":"<p>Im Januar 2016 wurden in der Schweiz 3618 Asylgesuche eingereicht, rund ein Viertel weniger als im Dezember 2015. Vor allem die Zahl der Gesuche afghanischer und syrischer Staatsangeh\u00f6riger ist gesunken.<\/p>\n","protected":false},"author":4,"featured_media":0,"comment_status":"open","ping_status":"open","sticky":false,"template":"","format":"standard","meta":{"footnotes":""},"categories":[1188,1140],"tags":[1633,1918],"vendi":[],"content_country":[],"class_list":["post-105681","post","type-post","status-publish","format-standard","hentry","category-shkurt-ch-de","category-leben-in-der-schweiz","tag-zvicer-de","tag-azil-fr-de"],"acf":[],"_links":{"self":[{"href":"https:\/\/www.albinfo.at\/de\/wp-json\/wp\/v2\/posts\/105681","targetHints":{"allow":["GET"]}}],"collection":[{"href":"https:\/\/www.albinfo.at\/de\/wp-json\/wp\/v2\/posts"}],"about":[{"href":"https:\/\/www.albinfo.at\/de\/wp-json\/wp\/v2\/types\/post"}],"author":[{"embeddable":true,"href":"https:\/\/www.albinfo.at\/de\/wp-json\/wp\/v2\/users\/4"}],"replies":[{"embeddable":true,"href":"https:\/\/www.albinfo.at\/de\/wp-json\/wp\/v2\/comments?post=105681"}],"version-history":[{"count":0,"href":"https:\/\/www.albinfo.at\/de\/wp-json\/wp\/v2\/posts\/105681\/revisions"}],"wp:attachment":[{"href":"https:\/\/www.albinfo.at\/de\/wp-json\/wp\/v2\/media?parent=105681"}],"wp:term":[{"taxonomy":"category","embeddable":true,"href":"https:\/\/www.albinfo.at\/de\/wp-json\/wp\/v2\/categories?post=105681"},{"taxonomy":"post_tag","embeddable":true,"href":"https:\/\/www.albinfo.at\/de\/wp-json\/wp\/v2\/tags?post=105681"},{"taxonomy":"vendi","embeddable":true,"href":"https:\/\/www.albinfo.at\/de\/wp-json\/wp\/v2\/vendi?post=105681"},{"taxonomy":"content_country","embeddable":true,"href":"https:\/\/www.albinfo.at\/de\/wp-json\/wp\/v2\/content_country?post=105681"}],"curies":[{"name":"wp","href":"https:\/\/api.w.org\/{rel}","templated":true}]}}