{"id":103142,"date":"2016-01-14T08:52:33","date_gmt":"2016-01-14T07:52:33","guid":{"rendered":"http:\/\/www.albinfo.ch\/?p=103142"},"modified":"2016-01-14T08:52:33","modified_gmt":"2016-01-14T07:52:33","slug":"blutiger-rachekampf-zwischen-kosovarischen-clans-in-der-schweiz","status":"publish","type":"post","link":"https:\/\/www.albinfo.at\/de\/blutiger-rachekampf-zwischen-kosovarischen-clans-in-der-schweiz\/","title":{"rendered":"Blutiger Rachekampf zwischen kosovarischen Clans in der Schweiz"},"content":{"rendered":"<p>Die Schweizer Beh\u00f6rden bringen die Angeklagten f\u00fcr den Mord an S.Elshani in Frasse\/Fribourg heute vor Gericht. Diese Tat ersch\u00fctterte die Schweizer \u00d6ffentlichkeit &#8211; S. Elshani wurde vor den Augen seiner Angeh\u00f6rigen ermordet. Das Verbrechen steht im Zeichen der Blutrache von zwei verfeindeten Clans aus Kosova, die Familien Kelmendi und Elshani aus Peja.<\/p>\n<p>Die Staatsanwaltschaft untersucht den Fall seit zwei Jahren, nun stehen die Angeklagten vor Gericht.<\/p>\n<p>Der Konflikt zwischen den Familien hat gleich nach dem Ende des Krieges in Kosova angefangen. Nach dem Mord an S. Elshani vermutete seine Familie, dass S. Elshani der Blutrache zum Opfer gefallen ist.<\/p>\n<p>S. Elshani ist das 12. Opfer dieses Rachekampfes, denn die Morde gingen auch im Jahr 2013 und 2014 weiter. Am 13. Oktober 2013 wurden Xh. Kelmendi und K. Kukaj im Zentrum der Stadt Peja regelrecht exekutiert. Am 21. M\u00e4rz 2014 wurde V. Kelmendi (28) erschossen. Viele weitere Personen, die zuf\u00e4llig am Ort des Geschehens waren, wurden verletzt; F.B. erlag der Verletzungen.<\/p>\n<p>Der Rachekampf zwischen den verfeindeten Familien hat im Jahr 2000 angefangen. Damals wurde V. Elshani (Bruder von S. Elshani), Ex-UCK-K\u00e4mpfer, get\u00f6tet.<\/p>\n<p>Auch den Sohn und die Tochter von S. Elshani wurden get\u00f6tet &#8211; sie fielen einem Bombenanschlag zum Opfer. Doch die T\u00e4ter wurden nie gefasst.<\/p>\n<p>Wenn der Rechtsstaat versagt und das Gesetz nicht umgesetzt wird, greifen die Menschen zur Selbstjustiz &#8211; auf den Kanun von Lek\u00eb Dukagjini. Demnach kann man Blut nur mit Blut waschen. So folgt auf ein Opfer ein weiteres Opfer. Auch wenn es archaisch ist, wird der Kanun im Norden von Albanien und in Kosova angewendet.<\/p>\n<p>&nbsp;<\/p>\n","protected":false},"excerpt":{"rendered":"<p> Die Spuren eines Mordes im Mai 2013 f\u00fchren nach Kosova. Seit dem Ende des Krieges stehen zwei kosovarische Familien aus Peja in einem Rachekampf<\/p>\n","protected":false},"author":10,"featured_media":0,"comment_status":"open","ping_status":"open","sticky":false,"template":"","format":"standard","meta":{"footnotes":""},"categories":[1131,1129,1412,2015,1506],"tags":[],"vendi":[],"content_country":[],"class_list":["post-103142","post","type-post","status-publish","format-standard","hentry","category-investitionen","category-ch-balkan","category-newsletter-de","category-newsletter-media-de","category-uncategorized-de"],"acf":[],"_links":{"self":[{"href":"https:\/\/www.albinfo.at\/de\/wp-json\/wp\/v2\/posts\/103142","targetHints":{"allow":["GET"]}}],"collection":[{"href":"https:\/\/www.albinfo.at\/de\/wp-json\/wp\/v2\/posts"}],"about":[{"href":"https:\/\/www.albinfo.at\/de\/wp-json\/wp\/v2\/types\/post"}],"author":[{"embeddable":true,"href":"https:\/\/www.albinfo.at\/de\/wp-json\/wp\/v2\/users\/10"}],"replies":[{"embeddable":true,"href":"https:\/\/www.albinfo.at\/de\/wp-json\/wp\/v2\/comments?post=103142"}],"version-history":[{"count":0,"href":"https:\/\/www.albinfo.at\/de\/wp-json\/wp\/v2\/posts\/103142\/revisions"}],"wp:attachment":[{"href":"https:\/\/www.albinfo.at\/de\/wp-json\/wp\/v2\/media?parent=103142"}],"wp:term":[{"taxonomy":"category","embeddable":true,"href":"https:\/\/www.albinfo.at\/de\/wp-json\/wp\/v2\/categories?post=103142"},{"taxonomy":"post_tag","embeddable":true,"href":"https:\/\/www.albinfo.at\/de\/wp-json\/wp\/v2\/tags?post=103142"},{"taxonomy":"vendi","embeddable":true,"href":"https:\/\/www.albinfo.at\/de\/wp-json\/wp\/v2\/vendi?post=103142"},{"taxonomy":"content_country","embeddable":true,"href":"https:\/\/www.albinfo.at\/de\/wp-json\/wp\/v2\/content_country?post=103142"}],"curies":[{"name":"wp","href":"https:\/\/api.w.org\/{rel}","templated":true}]}}