{"id":101515,"date":"2015-12-22T09:35:56","date_gmt":"2015-12-22T08:35:56","guid":{"rendered":"http:\/\/www.albinfo.ch\/?p=101515"},"modified":"2015-12-22T09:51:53","modified_gmt":"2015-12-22T08:51:53","slug":"6-25-millionen-franken-fur-neue-arbeitsplatze-in-mazedonien","status":"publish","type":"post","link":"https:\/\/www.albinfo.at\/de\/6-25-millionen-franken-fur-neue-arbeitsplatze-in-mazedonien\/","title":{"rendered":"6.25 Millionen Franken f\u00fcr neue Arbeitspl\u00e4tze in Mazedonien"},"content":{"rendered":"<p>Das entsprechende Memorandum wurde am Montag vom Vize-Regierungschef f\u00fcr Wirtschaftsfragen Vlladimir Peshevski und der Schweizer Botschafterin in Skopje, Katarina Stocker, unterzeichnet, melden Medien in der mazedonischen Hauptstadt.<\/p>\n<p>Die Schaffung von Arbeitspl\u00e4tzen f\u00fcr junge Menschen und f\u00fcr Frauen wird im Fokus des Projektes stehen, so Peshevski.<\/p>\n<p>&#8220;Das Ziel ist, mehr landfristige Arbeitspl\u00e4tze, aber auch M\u00f6glichkeiten f\u00fcr Selbsbesch\u00e4ftigung besonders f\u00fcr junge Menschen und f\u00fcr Frauen, zu schaffen. Dies werden wir durch die Entwicklung des Marktes erreichen. Dieses Programm soll zur Entwicklung des privaten Sektors f\u00fchren. Dadurch sollen bis zu 2000 neue Arbeitspl\u00e4tze geschaffen werden. Zudem sollen Mehreinnahmen von 1.5 Millionen Euro in 1000 KMUs generiert werden&#8221;, sagte die Schweizer Diplomatin.<\/p>\n<p>Die Investitionen werden sich haupts\u00e4chlich in den Sektoren Tourismus und kreative Industrie konzentieren. So werden von diesem Projekt besonders die Touristikregionen Ohrid, Mavrovo, und Krushevo profitieren, im Sinne der Aussch\u00f6pfung des vollen Potenzials der Kulturerbe, Sehensw\u00fcrdigkeiten und der Natur.\u00a0 Das tourisitsche Angebot soll so verbessert und mehr Touristen angelockt werden.<\/p>\n<p>Die Zusammenarbeit zwischen der Schweiz und Mazedonien ist stetig wachsend. Die Schweiz ist mit 80 Millionen Franken zwischen 2013 &#8211; 2016 der gr\u00f6sste bilaterale Partner f\u00fcr die wirtschaftliche Entwicklung Mazedoniens.<\/p>\n","protected":false},"excerpt":{"rendered":"<p> In den kommenden vier Jahren sollen in Mazedonien mit Unterst\u00fctzung von DEZA 2000 neue Arbeitspl\u00e4te entstehen, 1.5 Millionen Mehreinnahmen in \u00fcber 1000 KMUs generiert werden. Die Schweiz investiert 6.25 Millionen Franken in das Projekt Increasing Market Employability &#8211; IME, das von Swisskontakt und dem lokalen Partner PREDA Plus implementiert wird.<\/p>\n","protected":false},"author":10,"featured_media":0,"comment_status":"open","ping_status":"open","sticky":false,"template":"","format":"standard","meta":{"footnotes":""},"categories":[1129],"tags":[1633],"vendi":[],"content_country":[],"class_list":["post-101515","post","type-post","status-publish","format-standard","hentry","category-ch-balkan","tag-zvicer-de"],"acf":[],"_links":{"self":[{"href":"https:\/\/www.albinfo.at\/de\/wp-json\/wp\/v2\/posts\/101515","targetHints":{"allow":["GET"]}}],"collection":[{"href":"https:\/\/www.albinfo.at\/de\/wp-json\/wp\/v2\/posts"}],"about":[{"href":"https:\/\/www.albinfo.at\/de\/wp-json\/wp\/v2\/types\/post"}],"author":[{"embeddable":true,"href":"https:\/\/www.albinfo.at\/de\/wp-json\/wp\/v2\/users\/10"}],"replies":[{"embeddable":true,"href":"https:\/\/www.albinfo.at\/de\/wp-json\/wp\/v2\/comments?post=101515"}],"version-history":[{"count":0,"href":"https:\/\/www.albinfo.at\/de\/wp-json\/wp\/v2\/posts\/101515\/revisions"}],"wp:attachment":[{"href":"https:\/\/www.albinfo.at\/de\/wp-json\/wp\/v2\/media?parent=101515"}],"wp:term":[{"taxonomy":"category","embeddable":true,"href":"https:\/\/www.albinfo.at\/de\/wp-json\/wp\/v2\/categories?post=101515"},{"taxonomy":"post_tag","embeddable":true,"href":"https:\/\/www.albinfo.at\/de\/wp-json\/wp\/v2\/tags?post=101515"},{"taxonomy":"vendi","embeddable":true,"href":"https:\/\/www.albinfo.at\/de\/wp-json\/wp\/v2\/vendi?post=101515"},{"taxonomy":"content_country","embeddable":true,"href":"https:\/\/www.albinfo.at\/de\/wp-json\/wp\/v2\/content_country?post=101515"}],"curies":[{"name":"wp","href":"https:\/\/api.w.org\/{rel}","templated":true}]}}